{"id":7885,"date":"2021-07-06T17:04:49","date_gmt":"2021-07-06T16:04:49","guid":{"rendered":"http:\/\/qpol.qub.ac.uk\/?p=7885"},"modified":"2021-07-06T17:04:49","modified_gmt":"2021-07-06T16:04:49","slug":"hamming-it-up-sausage-wars-porky-pies-party-roastings","status":"publish","type":"post","link":"https:\/\/blogs.qub.ac.uk\/qpol\/hamming-it-up-sausage-wars-porky-pies-party-roastings\/","title":{"rendered":"Hamming it up: sausage wars, porky pies and party roastings"},"content":{"rendered":"\n<p><strong>Weeks 19-25 of implementing the Protocol on Ireland\/Northern Ireland <\/strong><\/p>\n\n\n\n<p>&nbsp;<\/p>\n\n\n\n<p>When, in our previous blog we reported on the election of a new DUP leader, Edwin Poots, we couldn\u2019t have imagined he would already have been replaced by the time we came to write this one. The tribulations of the DUP may be said to be emblematic of the year so far for Northern Ireland politics. This turbulence has been integrally connected to the socio-political tensions over the Protocol and the wider geopolitics of Brexit and the new UK-EU relationship.<\/p>\n\n\n\n<p>&nbsp;<\/p>\n\n\n\n<p><strong>Unsettled unionism: 5 leaders in 2 months<\/strong><\/p>\n\n\n\n<p>The beginning of May saw Steve Aiken <a href=\"https:\/\/tinyurl.com\/yf5ejjye\" target=\"_blank\" rel=\"noopener\">step down as leader of the UUP<\/a> (to be <a href=\"https:\/\/tinyurl.com\/m43zfw2c\" target=\"_blank\" rel=\"noopener\">replaced by Doug Beattie<\/a>). That same week, <a href=\"https:\/\/tinyurl.com\/d898jx9p\" target=\"_blank\" rel=\"noopener\">Agriculture Minister Edwin Poots was announced as DUP leader<\/a>, narrowly defeating the only other candidate, Sir Jeffrey Donaldson. Once in post, Poots<a href=\"https:\/\/tinyurl.com\/emmswy2m\" target=\"_blank\" rel=\"noopener\"> ruled out bringing Stormont down in protest at the Protocol<\/a> but continued to <a href=\"https:\/\/tinyurl.com\/4ve535kr\" target=\"_blank\" rel=\"noopener\">consider it \u201cundeliverable\u201d, warning that border checks may have to be suspended<\/a> or <a href=\"https:\/\/www.irishtimes.com\/news\/politics\/poots-argues-for-alternative-post-brexit-checks-regime-1.4572950\" target=\"_blank\" rel=\"noopener\">delivered elsewhere<\/a>. However, it was not the Protocol that was to prove the DUP\u2019s greatest challenge.<\/p>\n\n\n\n<p>Within three weeks of being confirmed as leader, Poots (who intended to stay on as Agriculture Minister) agreed a deal with Sinn F\u00e9in and the UK Government to ensure his nominee, Paul Givan, could assume the post of First Minister. The move was intended to avert a crisis in Stormont. It also secured Michelle O\u2019Neill\u2019s return as deputy First Minister on the condition that <a href=\"https:\/\/www.belfasttelegraph.co.uk\/news\/northern-ireland\/brandon-lewis-says-people-of-ni-deserve-a-stable-mature-functioning-executive-following-party-talks-40544090.html\" target=\"_blank\" rel=\"noopener\">Westminster would legislate<\/a> for the cultural package agreed under <em>New Decade, New Approach<\/em> (including an Irish Language Act), should the NI Assembly fail to do so by the Autumn. The NDNA legislation announced in <a href=\"https:\/\/tinyurl.com\/2hzrpkdc\" target=\"_blank\" rel=\"noopener\">the Queen\u2019s Speech<\/a> in May to improve the sustainability of the NI Executive couldn\u2019t come soon enough, it seemed.<\/p>\n\n\n\n<p>However, despite his promises to rebuild party unity, Poots\u2019 nomination of Givan as First Minister came without the mandate of the DUP MLAs and MPs. Within 24 hours, Poots was <a href=\"https:\/\/www.bbc.co.uk\/news\/uk-northern-ireland-57521972\" target=\"_blank\" rel=\"noopener\">forced to resign<\/a> as leader and Givan was <a href=\"https:\/\/www.bbc.co.uk\/news\/uk-northern-ireland-57538844\" target=\"_blank\" rel=\"noopener\">put on notice<\/a>. Sir Jeffrey Donaldson MP was the only member to put their name forward to replace him, and was <a href=\"https:\/\/www.bbc.co.uk\/news\/uk-northern-ireland-57644499\" target=\"_blank\" rel=\"noopener\">ratified as the new leader<\/a> at the end of the month. He <a href=\"https:\/\/tinyurl.com\/3ezpxjfm\" target=\"_blank\" rel=\"noopener\">used his first week to reaffirm his opposition to the Protocol<\/a> and indicate that he could pull the party from participation in the north\/south institutions.<\/p>\n\n\n\n<p>&nbsp;<\/p>\n\n\n\n<p><strong>North\/south ups and downs<\/strong><\/p>\n\n\n\n<p>This threat came after Infrastructure Minister Nicola Mallon sought legal advice over the <a href=\"https:\/\/www.bbc.co.uk\/news\/uk-northern-ireland-57242078.amp\" target=\"_blank\" rel=\"noopener\">DUP\u2019s boycott of meetings<\/a> of the North-South Ministerial Council (NSMC) in protest to the Protocol. And it comes despite the fact that, after meeting with the Taoiseach in Dublin in early June, his predecessor Mr Poots stated his intention to attend the next <a href=\"https:\/\/www.bbc.co.uk\/news\/uk-northern-ireland-57342118\" target=\"_blank\" rel=\"noopener\">NSMC<\/a> plenary, claiming that his party\u2019s <a href=\"https:\/\/mydup.com\/news\/dup-free-us-from-protocol\" target=\"_blank\" rel=\"noopener\">5 Point Plan<\/a> in protest at the Protocol was never a blanket refusal to attend such meetings. As it happened, the <a href=\"https:\/\/www.itv.com\/news\/utv\/2021-06-18\/north-south-ministerial-council-meeting-postponed\" target=\"_blank\" rel=\"noopener\">NSMC plenary<\/a> planned for 18 June had to be postponed due to disarray over Poots\u2019 resignation. However, this did not stop the positive north\/south news that the <a href=\"https:\/\/www.bbc.co.uk\/news\/uk-northern-ireland-57643143\" target=\"_blank\" rel=\"noopener\">&nbsp;Irish government had committed \u20ac3m to progress work on the cross-border Narrow Water Bridge project<\/a> between Warrenpoint and Omeath, with construction expected to begin in 2023. In other good news for more immediate concerns, NI Health Minister Robin Swann announced <a href=\"https:\/\/tinyurl.com\/y2p86v8n\" target=\"_blank\" rel=\"noopener\">a 12-month reinstatement of the Cross-border Healthcare Directive<\/a> (which ceased to apply after Brexit) to help reduce the NHS waiting times in NI. Reciprocally, <a href=\"https:\/\/www.bbc.co.uk\/news\/uk-northern-ireland-57681809?at_custom2=twitter&amp;at_custom3=BBC+News+NI&amp;at_custom4=ECCE1BA0-DA61-11EB-ADC6-F9EC39982C1E&amp;at_custom1=link&amp;at_campaign=64&amp;at_medium=custom7\" target=\"_blank\" rel=\"noopener\">the Republic of Ireland\u2019s Reimbursement Scheme also came into effect for 12 months<\/a>, allowing NI patients to seek \u201croutinely commissioned treatment\u201d in the private sector in the south and then have the cost reimbursed.<\/p>\n\n\n\n<p>&nbsp;<\/p>\n\n\n\n<p><strong>Rising tensions<\/strong><\/p>\n\n\n\n<p>In a less widely-welcomed intervention on north\/south movements, T\u00e1naiste <a href=\"https:\/\/tinyurl.com\/ymt5p9es\" target=\"_blank\" rel=\"noopener\">Leo Varadkar said he believed a united Ireland is achievable within his lifetime<\/a> and encouraged Fine Gael to establish itself in Northern Ireland. Also focused on the constitutional question, the <a href=\"https:\/\/www.bbc.co.uk\/news\/uk-northern-ireland-57666255\" target=\"_blank\" rel=\"noopener\">legal challenge<\/a> to the Protocol by unionists (including Arlene Foster, Steve Aiken, TUV leader Jim Allister, Baroness Hoey, and former MEP Ben Habib) was heard. Their claim that the Protocol was unlawful, according to the Act of Union (1800), was rejected. However, the fact that Judge Colton agreed that the relevant parts of the Acts of Union are \u201cimpliedly repealed\u201d by the Withdrawal Agreement Act (2020), as passed decisively by the UK Parliament could hardly calm unionist concerns.<\/p>\n\n\n\n<p>In May, Westminster heard for itself the intensity of such concerns. <a href=\"https:\/\/tinyurl.com\/y2n83aa3\" target=\"_blank\" rel=\"noopener\">The Loyalist Communities Council gave evidence to the NI Affairs Committee<\/a> and a 19-year-old loyalist generated some alarm with his claim that \u201che would not rule [violence] off the table\u201d when it came to resisting the Protocol. In mid-May, as part of a series of other meetings in NI to \u201cdiscuss Brexit\u201d, Lord Frost and Secretary of State for NI, Brandon Lewis, had <a href=\"https:\/\/www.theguardian.com\/uk-news\/2021\/may\/12\/uk-ministers-meet-representatives-of-ni-paramilitaries-to-discuss-brexit\" target=\"_blank\" rel=\"noopener\">met with the LCC<\/a>. &nbsp;In early June <a href=\"https:\/\/tinyurl.com\/euve7w9b\" target=\"_blank\" rel=\"noopener\">loyalist protests in Portadown<\/a> were accompanied by men in balaclavas. Security concerns emerged over <a href=\"https:\/\/tinyurl.com\/cjktkswb\" target=\"_blank\" rel=\"noopener\">a subsequent rally in Newtownards<\/a>, featuring the banner <a href=\"https:\/\/tinyurl.com\/279vdcwc\" target=\"_blank\" rel=\"noopener\">&#8220;Dublin&#8217;s Choice: Peace or Protocol&#8221;<\/a>, and an attendee\u2019s suggestion that <a href=\"https:\/\/tinyurl.com\/k966zhn3\" target=\"_blank\" rel=\"noopener\">loyalists needed to use the threat of \u201cmayhem, fear, and death\u201d<\/a>. The PSNI began <a href=\"https:\/\/tinyurl.com\/avtdazhm\" target=\"_blank\" rel=\"noopener\">preparing for potential street violence over the Twelfth<\/a>&nbsp;of July celebrations.<\/p>\n\n\n\n<p>&nbsp;<\/p>\n\n\n\n<p><strong>Brexit\/Protocol impact<\/strong><\/p>\n\n\n\n<p>The Protocol remained often in the news, and for the most part that news was negative. It was reported in May that <a href=\"https:\/\/tinyurl.com\/dy7nxf2m\" target=\"_blank\" rel=\"noopener\">a treatment drug for lung cancer authorised in GB could not be approved for use in NI<\/a> as a result of the Protocol. The claims were <a href=\"https:\/\/tinyurl.com\/yh2e5d8w\" target=\"_blank\" rel=\"noopener\">refuted by an EU Commission Spokesperson<\/a> but<a href=\"https:\/\/tinyurl.com\/k4hzxz2e\" target=\"_blank\" rel=\"noopener\"> the UK\u2019s Medicines and Healthcare products Regulatory Agency<\/a> confirmed the story. <a href=\"https:\/\/ec.europa.eu\/commission\/presscorner\/detail\/en\/ip_21_3324\" target=\"_blank\" rel=\"noopener\">Progress has since been made<\/a> on the medicines issue, but the episode highlighted the need for better information and clarity on the precise implications of the Protocol.<\/p>\n\n\n\n<p>More accurate information on the Protocol is something that 73% of respondents to the second <a href=\"https:\/\/www.qub.ac.uk\/sites\/post-brexit-governance-ni\/ProjectPublications\/OpinionPolling\/TestingTheTemperature2\/\" target=\"_blank\" rel=\"noopener\">QUB\/LucidTalk poll<\/a> on the Protocol called for. A majority of respondents also thought that the UK should align with EU rules to reduce GB-NI trade frictions, and thought there were economic opportunities for NI from the Protocol. But there was an even split (47%\/47%) on whether the Protocol was an \u2018appropriate\u2019 means of managing the impact of Brexit in NI, and the majority expressed concerns about the impact of the Protocol and Brexit on the economy and political stability of NI.<\/p>\n\n\n\n<p>Aside from the conflicting briefings from the UK and EU, most news stories on the Protocol in this period have been on the costs and consequences of the new rules for GB-NI movement of goods. It emerged that <a href=\"https:\/\/tinyurl.com\/2fhtb29e\" target=\"_blank\" rel=\"noopener\">food manufacturers are recruiting specialist consultants at a cost of up to \u00a31,000 per day<\/a> to help them deal with difficulties in moving produce in and out of NI. <a href=\"https:\/\/www.irishnews.com\/business\/2021\/05\/07\/news\/survey-just-18-per-cent-of-manufacturers-want-protocol-scrapped-despite-post-brexit-impact-2313860\/\" target=\"_blank\" rel=\"noopener\">77% of manufacturers<\/a> reported a negative impact on their business since the end of the transition period. Retailer <a href=\"https:\/\/tinyurl.com\/4mfexmwf\" target=\"_blank\" rel=\"noopener\">Marks and Spencer reported costs of \u00a333m<\/a> due to the impact of Brexit on its island of Ireland business.<\/p>\n\n\n\n<p>The wider change in UK-EU trade was reflected in the Office for National Statistics\u2019 report that \u201c<a href=\"https:\/\/www.ons.gov.uk\/businessindustryandtrade\/internationaltrade\/articles\/theimpactsofeuexitandthecoronavirusonuktradeingoods\/2021-05-25\" target=\"_blank\" rel=\"noopener\">total EU-UK trade has shrunk by 20%<\/a>\u201d in the first quarter of 2021, with exports to Ireland seeing \u201cthe greatest proportionate fall of the UK&#8217;s top exporting partners\u201d. This was confirmed by evidence presented to the Seanad\u2019s Special Select Committee, indicating <a href=\"https:\/\/tinyurl.com\/hvbf4wex\" target=\"_blank\" rel=\"noopener\">difficulties at Irish ports have begun easing but processes remain \u201cincredibly complex\u201d<\/a>. In recognition of Ireland\u2019s post-Brexit difficulties the EU committed to it <a href=\"https:\/\/tinyurl.com\/ed23vtzb\">\u20ac1 billion of its Brexit Adjustment Reserve<\/a>. In contrast, north-south trade grew. <a href=\"https:\/\/tinyurl.com\/r9jymtst\" target=\"_blank\" rel=\"noopener\">The Central Statistics Office showed that for the first quarter of 2021<\/a> NI exports to the Republic were up 44% and exports from south to north were up by 22%.<\/p>\n\n\n\n<p>Media coverage of GB-NI trade focused increasingly on agri-food. Concerns were expressed about the <a href=\"https:\/\/www.ufuni.org\/news\/ufu-comment-on-uk-australia-trade-deal-developments\" target=\"_blank\" rel=\"noopener\">impact of a UK FTA with Australia<\/a> in reducing the GB market for NI exports. And on movement in the other direction, NI Agriculture Minister, Mr Poots, refused to build a permanent infrastructure to facilitate the Protocol, <a href=\"https:\/\/tinyurl.com\/yez3rjkk\" target=\"_blank\" rel=\"noopener\">declaring his intent to commence court action for its removal<\/a>. He also <a href=\"https:\/\/tinyurl.com\/fujkajrb\" target=\"_blank\" rel=\"noopener\">announced a delay on the checks on pets<\/a> transported between GB and NI. What Poots was unable to do, however, was avert the impending deadline of the end of the grace period on the ban on chilled meat products from GB. The<a href=\"https:\/\/tinyurl.com\/4pxhr8jn\" target=\"_blank\" rel=\"noopener\"> impending \u2018sausage war\u2019<\/a> became emblematic of tensions around the broader <a href=\"https:\/\/tinyurl.com\/9sy72k58\" target=\"_blank\" rel=\"noopener\">SPS relationship between the UK and the EU<\/a>, with the UK pressing for an agreement based on \u201cequivalence\u201d and the EU insisting on a deal of (temporary) \u201calignment\u201d whereby, to avoid checks, the UK would have to follow EU standards. <a href=\"https:\/\/tinyurl.com\/b8besm4\" target=\"_blank\" rel=\"noopener\">&nbsp;Poots rejected the EU proposal of a \u201cSwiss-style\u201d veterinary agreement<\/a>. In his appearance before the&nbsp;NI Assembly\u2019s Committee for the Executive Office on 28<sup>th<\/sup> June, Commissioner&nbsp;<a href=\"https:\/\/www.irishtimes.com\/news\/world\/brexit\/eu-post-brexit-negotiator-is-confident-of-imminent-solution-to-chilled-meats-issue-1.4605607\" target=\"_blank\" rel=\"noopener\">\u0160ef\u010dovi\u010d repeated his claim that this would remove the vast majority of checks on GB-NI trade<\/a>.<\/p>\n\n\n\n<p>Away from issues of trade, as <a href=\"https:\/\/www.rte.ie\/news\/brexit\/2021\/0630\/1232279-northern-ireland-eu-migrants\/\" target=\"_blank\" rel=\"noopener\">the deadline for settled status applications<\/a> by EU citizens in the UK passed at the end of June, migrant\u2019s rights experts expressed fears that thousands of EU nationals in NI, who have not applied to the scheme, are at risk of being turned into illegal immigrants.<\/p>\n\n\n\n<p>&nbsp;<\/p>\n\n\n\n<p><strong>The EU and the UK: Tension, impatience, and reprimands<\/strong><\/p>\n\n\n\n<p>Tensions between the UK and EU remained high and focused on the Protocol. The meeting of the Joint Committee on 9<sup>th<\/sup> June ended with separate statements from the co-chairs (immediately prior, it is worth noting, to their first meeting as co-chairs of the new Partnership Council under the Trade and Cooperation Agreement).<\/p>\n\n\n\n<p>The UK <a href=\"https:\/\/www.gov.uk\/government\/news\/uk-statement-on-the-meeting-of-the-withdrawal-agreement-joint-committee-9-june-2021\" target=\"_blank\" rel=\"noopener\">Government<\/a> took the opportunity to hint at the possibility of further unilateral action:<\/p>\n\n\n\n<blockquote class=\"wp-block-quote is-layout-flow wp-block-quote-is-layout-flow\">\n<p>\u201cIf solutions cannot be found, the Government will of course continue to consider all options available for safeguarding peace, prosperity and stability in Northern Ireland\u201d.<\/p>\n<\/blockquote>\n\n\n\n<p>There had also been reports that the UK government planned to <a href=\"https:\/\/www.rte.ie\/news\/brexit\/2021\/0518\/1222266-brexit\/\" target=\"_blank\" rel=\"noopener\">claim force majeure<\/a> (i.e. relief of contractual obligations due to circumstances beyond one\u2019s control) <em>vis-a-vis<\/em> the Protocol, and even that <a href=\"https:\/\/www.telegraph.co.uk\/politics\/2021\/05\/16\/lord-frost-accuses-eu-purist-point-scoring-northern-ireland\/\" target=\"_blank\" rel=\"noopener\">Frost himself<\/a> had hinted that the Protocol could be scrapped altogether.<\/p>\n\n\n\n<p>For his part, NI Secretary of State Lewis suggested <a href=\"https:\/\/tinyurl.com\/2nkda9je\" target=\"_blank\" rel=\"noopener\">the EU\u2019s current rigidness was undermining social and economic life in Northern Ireland<\/a>. In another joint effort that came six months into the operation of the Protocol, <a href=\"https:\/\/www.irishtimes.com\/opinion\/david-frost-and-brandon-lewis-we-must-find-a-new-balance-in-how-ni-protocol-is-operated-1.4610097?mode=amp&amp;__twitter_impression=true\" target=\"_blank\" rel=\"noopener\">Frost and Lewis penned a joint op-ed<\/a> in the <em>Irish Times<\/em>, arguing that \u201ca seriously unbalanced situation\u201d had been created by the Protocol and repeating that the UK Government will \u201chave to consider all\u2026 options\u201d.<\/p>\n\n\n\n<p>Irish Minister for Foreign Affairs, Simon Coveney, has <a href=\"https:\/\/www.rte.ie\/news\/brexit\/2021\/0603\/1225939-brexit-coveney-london\/\" target=\"_blank\" rel=\"noopener\">called for the two sides<\/a> to act in partnership and not unilaterally. But reports are that \u201c<a href=\"https:\/\/www.reuters.com\/world\/uk\/eu-patience-wearing-thin-with-uk-nireland-weighing-options-2021-06-07\/\" target=\"_blank\" rel=\"noopener\">patience is wearing thin<\/a>\u201d on the EU side. Vice President \u0160ef\u010dovi\u010d explicitly <a href=\"https:\/\/www.rte.ie\/news\/brexit\/2021\/0609\/1227017-eu-uk-brexit-meeting\/\" target=\"_blank\" rel=\"noopener\">warned<\/a> the UK that the EU \u201cwill not be shy in reacting swiftly, firmly and resolutely\u201d to any further unilateral moves.<\/p>\n\n\n\n<p>More constructively, ahead of the UK-EU Joint Committee meeting in June, <a href=\"https:\/\/www.politico.eu\/article\/uk-eu-brexit-talks-maros-sefcovic-pressure\/\" target=\"_blank\" rel=\"noopener\">\u0160ef\u010dovi\u010d said he wanted the two sides to agree on a roadmap with a clear timetable for resolving Protocol-related problems<\/a>. Although UK government sources had been <a href=\"https:\/\/www.rte.ie\/news\/brexit\/2021\/0602\/1225485-northern-ireland-protocol\/\" target=\"_blank\" rel=\"noopener\">downbeat<\/a> about the areas in which \u201cdefinite progress\u201d was being made in the UK-EU Specialised Committee talks over the Protocol, the EU <a href=\"https:\/\/ec.europa.eu\/info\/publications\/examples-flexibilities-identified-european-commission-effort-ensure-full-implementation-protocol-ireland-northern-ireland_en\" target=\"_blank\" rel=\"noopener\">issued a document<\/a> after the Joint Committee outlining several \u201cexamples of flexibilities\u201d around the Protocol in which they were exploring solutions.<\/p>\n\n\n\n<p>The Joint Committee meeting was swiftly followed by the G7 summit in Cornwall. It had been preceded by a <a href=\"https:\/\/www.newstatesman.com\/politics\/brexit\/2021\/06\/uk-s-brexit-stance-doing-serious-damage-its-relationship-us\" target=\"_blank\" rel=\"noopener\">demarche<\/a> (a formal diplomatic reprimand) to the UK from the US administration for \u201cinflaming tensions\u201d in Northern Ireland over the Protocol. President <a href=\"https:\/\/tinyurl.com\/ymktp5zz\" target=\"_blank\" rel=\"noopener\">Biden voiced \u201cdeep\u201d concerns at the increasing EU-UK acrimony<\/a>. This was evident at the summit, where EU leaders were reported to have <a href=\"https:\/\/tinyurl.com\/2tjtdf8e\" target=\"_blank\" rel=\"noopener\">\u201cpressured\u201d the PM over the Protocol<\/a>.<\/p>\n\n\n\n<p>Positive moves were made a week later when&nbsp;<a href=\"https:\/\/tinyurl.com\/3sfjp5ht\" target=\"_blank\" rel=\"noopener\">the UK government asked the EU for an extension to the grace period for chilled meats<\/a>. The request was welcomed by \u0160ef\u010dovi\u010d as <a href=\"https:\/\/tinyurl.com\/4x96zydd\" target=\"_blank\" rel=\"noopener\">a sign of trust, <\/a>and at the end of the month, the EU agreed to this extension by three months as part of what it termed a \u201c<a href=\"https:\/\/ec.europa.eu\/commission\/presscorner\/detail\/en\/ip_21_3324\" target=\"_blank\" rel=\"noopener\">balanced package of measures<\/a>\u201d to address some of the \u201cmost pressing issues\u201d on the Protocol\u2019s implementation, including measures on medicines. From an<a href=\"https:\/\/tinyurl.com\/3ypcwbws\" target=\"_blank\" rel=\"noopener\"> EU perspective, extending the grace period was to allow time for retailers in NI to orient to local or EU suppliers<\/a>. <a href=\"https:\/\/www.gov.uk\/government\/news\/extension-to-northern-ireland-protocol-grace-period-for-chilled-meats-agreed\" target=\"_blank\" rel=\"noopener\">For the UK, however, it would give more time to find a permanent solution<\/a> to the trade barriers in the Protocol.<\/p>\n\n\n\n<p>As we conclude this blog at the end of the first six months of the Protocol\u2019s operation, it is all too easy to envisage that if there is one thing that this new grace period will allow for, it is prolonged UK-EU dramatics at yet another Brexit cliff edge.<\/p>\n\n\n\n<p>&nbsp;<\/p>\n\n\n\n<p><strong>About the Authors:&nbsp;<\/strong><\/p>\n\n\n\n<p><strong><a href=\"https:\/\/pure.qub.ac.uk\/en\/persons\/milena-komarova\" target=\"_blank\" rel=\"noopener\">Dr Milena Komarova<\/a>&nbsp;is Research Fellow on the ESRC-funded \u2018Future and Status of Northern Ireland after Brexit\u2019 project for the UK in a Changing Europe, based at Queen\u2019s University Belfast. Milena\u2019s research spans the fields of conflict, borders and urban studies.<\/strong><\/p>\n\n\n\n<p><strong><a href=\"https:\/\/pure.qub.ac.uk\/en\/persons\/katy-hayward\" target=\"_blank\" rel=\"noopener\">Prof Katy Hayward<\/a>&nbsp;is Professor of Political Sociology at Queen\u2019s University Belfast and a Senior Fellow of the ESRC-funded&nbsp;<a title=\"UK in a changing Europe\" href=\"https:\/\/ukandeu.ac.uk\/the-uk-in-a-changing-europe-receives-extended-finding-and-nine-senior-fellows-join-the-organisation\/\" target=\"_blank\" rel=\"noopener\">UK in a Changing Europe<\/a>&nbsp;initiative, working full-time on the topic of Brexit and Northern Ireland\/the Irish border.<\/strong><\/p>\n\n\n\n<p><strong><a href=\"https:\/\/pure.qub.ac.uk\/en\/persons\/ben-rosher\" target=\"_blank\" rel=\"noopener\">Ben Rosher<\/a>&nbsp;is a<\/strong>&nbsp;<strong>PhD researcher in sociology funded by the&nbsp;<a href=\"https:\/\/eur02.safelinks.protection.outlook.com\/?url=https%3A%2F%2Fwww.ninedtp.ac.uk%2F&amp;data=04%7C01%7Ck.fearon%40qub.ac.uk%7Cd02cf34457764dd3221f08d8d9b0ffa7%7Ceaab77eab4a549e3a1e8d6dd23a1f286%7C0%7C0%7C637498701516768950%7CUnknown%7CTWFpbGZsb3d8eyJWIjoiMC4wLjAwMDAiLCJQIjoiV2luMzIiLCJBTiI6Ik1haWwiLCJXVCI6Mn0%3D%7C1000&amp;sdata=hzQwaRdpyBN19fp9k69j9cF%2FKobOAUCtorj5x%2BP2TmA%3D&amp;reserved=0\" target=\"_blank\" rel=\"noopener\">NINE<\/a>&nbsp;doctoral training programme and a Postgraduate Associate of the Institute for Irish Studies at Queen\u2019s University Belfast. Ben\u2019s research sits within the field of international political sociology and the sub-field of critical border studies.<\/strong><\/p>\n\n\n\n<p>&nbsp;<\/p>\n\n\n\n<p><em>The&nbsp;<a href=\"https:\/\/flickr.com\/photos\/wiless\/5398076688\/in\/photolist-9e1y8J-RER2AK-9sqrN6-8dBsA-RER1SF-e9Lcdz-4tEasc-9yERGL-9EeNrw-225FvMS-F9tz1-SWewXj-ebnScq-JVeB9X-wMJQqH-24ZEGTn-ZWHZtM-KMsMST-2dKf4ue-gqSxaz-gcRkQJ-4Yyq4H-fpGRiV-21N9xvm-25Knuz-cDUkf7-4ooemd-gcR8km-jdBNae-G18ehB-c3NNmJ-5fednH-ZU2nbE-dVAVZ5-24J1WF6-2ejoxoW-gqT4Ja-gK3hNH-gYh6pq-NuieyM-2eyZwL6-gcRm8N-fS3rR5-fS4QCX-29tdYPQ-D6w62s-x5NSa7-GmPy8b-gcQYki-euykW6\" target=\"_blank\" rel=\"noopener\">featured&nbsp;image<\/a><\/em>&nbsp;<em>has been used courtesy of a&nbsp;<\/em><a href=\"https:\/\/creativecommons.org\/licenses\/by-nc\/2.0\/\" target=\"_blank\" rel=\"noopener\"><em>Creative Commons license.&nbsp;<\/em><\/a><\/p>\n\n\n\n<p>&nbsp;<\/p>\n","protected":false},"excerpt":{"rendered":"<p>This blog by Milena Komarova, Katy Hayward and Ben Rosher, is the fourth of a series published for the first 6 months of implementing the Protocol on Ireland\/Northern Ireland, with a particular focus on its impact on borders and cross-border cooperation. The research behind it is funded by the Reconciliation Fund of the Department of Foreign Affairs, as part of the Border Catalyst project, led by the Irish Central Border Area Network.<\/p>\n","protected":false},"author":2610,"featured_media":7489,"comment_status":"open","ping_status":"open","sticky":false,"template":"","format":"standard","meta":{"_acf_changed":false,"_jetpack_memberships_contains_paid_content":false,"footnotes":""},"categories":[41],"tags":[466,106,948],"class_list":["post-7885","post","type-post","status-publish","format-standard","has-post-thumbnail","hentry","category-europe","tag-border","tag-northern-ireland","tag-protocol"],"mb":[],"acf":{"authors":{"simple_value_formatted":"","value_formatted":null,"value":null,"field":{"ID":9774,"key":"field_66d0cbf58f930","label":"Authors","name":"authors","aria-label":"","prefix":"acf","type":"relationship","value":null,"menu_order":1,"instructions":"","required":0,"id":"","class":"","conditional_logic":0,"parent":9772,"wrapper":{"width":"","class":"","id":""},"post_type":["authors"],"post_status":["publish"],"taxonomy":"","filters":["search"],"return_format":"id","min":0,"max":10,"allow_in_bindings":0,"elements":["featured_image"],"bidirectional":0,"bidirectional_target":[],"_name":"authors","_valid":1}},"description":{"simple_value_formatted":"","value_formatted":"","value":"","field":{"ID":9776,"key":"field_66d2183027749","label":"Description","name":"description","aria-label":"","prefix":"acf","type":"wysiwyg","value":null,"menu_order":3,"instructions":"","required":0,"id":"","class":"","conditional_logic":0,"parent":9772,"wrapper":{"width":"","class":"","id":""},"default_value":"","allow_in_bindings":0,"tabs":"all","toolbar":"basic","media_upload":0,"delay":1,"_name":"description","_valid":1}}},"jetpack_featured_media_url":"https:\/\/blogs.qub.ac.uk\/qpol\/wp-content\/uploads\/sites\/76\/2021\/02\/NI-Ireland-Border.jpg","jetpack_sharing_enabled":true,"amp_enabled":true,"mfb_rest_fields":["title","jetpack_featured_media_url","jetpack_sharing_enabled","amp_enabled"],"_links":{"self":[{"href":"https:\/\/blogs.qub.ac.uk\/qpol\/wp-json\/wp\/v2\/posts\/7885","targetHints":{"allow":["GET"]}}],"collection":[{"href":"https:\/\/blogs.qub.ac.uk\/qpol\/wp-json\/wp\/v2\/posts"}],"about":[{"href":"https:\/\/blogs.qub.ac.uk\/qpol\/wp-json\/wp\/v2\/types\/post"}],"author":[{"embeddable":true,"href":"https:\/\/blogs.qub.ac.uk\/qpol\/wp-json\/wp\/v2\/users\/2610"}],"replies":[{"embeddable":true,"href":"https:\/\/blogs.qub.ac.uk\/qpol\/wp-json\/wp\/v2\/comments?post=7885"}],"version-history":[{"count":0,"href":"https:\/\/blogs.qub.ac.uk\/qpol\/wp-json\/wp\/v2\/posts\/7885\/revisions"}],"wp:featuredmedia":[{"embeddable":true,"href":"https:\/\/blogs.qub.ac.uk\/qpol\/wp-json\/wp\/v2\/media\/7489"}],"wp:attachment":[{"href":"https:\/\/blogs.qub.ac.uk\/qpol\/wp-json\/wp\/v2\/media?parent=7885"}],"wp:term":[{"taxonomy":"category","embeddable":true,"href":"https:\/\/blogs.qub.ac.uk\/qpol\/wp-json\/wp\/v2\/categories?post=7885"},{"taxonomy":"post_tag","embeddable":true,"href":"https:\/\/blogs.qub.ac.uk\/qpol\/wp-json\/wp\/v2\/tags?post=7885"}],"curies":[{"name":"wp","href":"https:\/\/api.w.org\/{rel}","templated":true}]}}