{"id":7468,"date":"2021-02-09T19:31:29","date_gmt":"2021-02-09T19:31:29","guid":{"rendered":"http:\/\/qpol.qub.ac.uk\/?p=7468"},"modified":"2021-02-09T19:31:29","modified_gmt":"2021-02-09T19:31:29","slug":"the-politics-of-the-northern-ireland-protocol","status":"publish","type":"post","link":"https:\/\/blogs.qub.ac.uk\/qpol\/the-politics-of-the-northern-ireland-protocol\/","title":{"rendered":"The Politics of the Northern Ireland Protocol"},"content":{"rendered":"\n<p>The co-chairs of the UK-EU Joint Committee, Michael Gove and Maro\u0161 \u0160ef\u010dovi\u010d, held an emergency meeting last week to \u2018<a href=\"https:\/\/www.gov.uk\/government\/news\/joint-statement-from-chancellor-of-the-duchy-of-lancaster-gove-and-vice-president-sefcovic\" target=\"_blank\" rel=\"noopener\">find solutions to outstanding issues<\/a>\u2019 arising from the implementation of the&nbsp;<a href=\"https:\/\/assets.publishing.service.gov.uk\/government\/uploads\/system\/uploads\/attachment_data\/file\/840230\/Revised_Protocol_to_the_Withdrawal_Agreement.pdf\" target=\"_blank\" rel=\"noopener\">Northern Ireland Protocol<\/a>.<\/p>\n\n\n\n<p>The meeting was held in the wake of the European Commission\u2019s short-lived and universally condemned invocation of the Article 16 \u2018<a href=\"https:\/\/eur-lex.europa.eu\/legal-content\/EN\/TXT\/?uri=uriserv%3AOJ.L_.2020.029.01.0007.01.ENG&amp;toc=OJ%3AL%3A2020%3A029%3ATOC\" target=\"_blank\" rel=\"noopener\">safeguard<\/a>\u2019 measure in the Protocol that allows its provisions to be disapplied or overridden in the event of \u2018serious economic, societal or environmental difficulties\u2019.<\/p>\n\n\n\n<p>Ahead of the meeting, Gove&nbsp;<a href=\"https:\/\/www.gov.uk\/government\/publications\/letter-from-the-chancellor-of-the-duchy-of-lancaster-to-the-vice-president-of-the-european-commission-2-february-2021\" target=\"_blank\" rel=\"noopener\">urged<\/a>&nbsp;his EU counterpart to extend existing waivers on some of the checks required under the Protocol on goods moving between Great Britain and Northern Ireland until 2023.<\/p>\n\n\n\n<p>Citing the \u2018overwhelming reaction\u2019 in Northern Ireland to the Commission\u2019s near use of&nbsp;<a href=\"https:\/\/ukandeu.ac.uk\/explainers\/article-16-of-the-northern-ireland-protocol\/\" target=\"_blank\" rel=\"noopener\">Article 16<\/a>, Gove said the Government would seek \u2018urgent resolution\u2019 to&nbsp;<a href=\"https:\/\/www.bbc.co.uk\/news\/uk-northern-ireland-55556840\" target=\"_blank\" rel=\"noopener\">disruptive effects<\/a>&nbsp;of the Protocol on the flow of goods into Northern Ireland, and expressed a willingness to \u2018consider using all instruments at its disposal\u2019 if this did not prove possible.<\/p>\n\n\n\n<p>Once again, the outcome of UK-EU negotiations are set to significantly impact the lives of people in Northern Ireland. As we wait to see if solutions can be found, the political repercussions of this latest EU-UK row are already taking effect in Northern Ireland.<\/p>\n\n\n\n<p>&nbsp;<\/p>\n\n\n\n<p><strong>How we got here: Article 16, AstraZeneca and community tensions<\/strong><\/p>\n\n\n\n<p>Let\u2019s rewind slightly.<\/p>\n\n\n\n<p>Before the European Commission\u2019s near-use of Article 16, calls on the UK Government to \u2018<a href=\"https:\/\/www.parliamentlive.tv\/Event\/Index\/d7c9636b-8428-4743-90a6-e032f4c4d230\" target=\"_blank\" rel=\"noopener\">unilaterally<\/a>\u2019 invoke the safeguard measure from some in the Democratic Unionist Party (DUP) had been broadly disregarded.<\/p>\n\n\n\n<p>The Prime Minister had described difficulties caused by new GB\u2013NI checks as \u2018<a href=\"https:\/\/www.bbc.co.uk\/news\/uk-northern-ireland-55640213\" target=\"_blank\" rel=\"noopener\">teething problems<\/a>\u2019. Taking a more moderate line than some in her party, First Minister Arlene Foster had spoken of the need to \u2018<a href=\"https:\/\/www.bbc.co.uk\/programmes\/p092ygkd\" target=\"_blank\" rel=\"noopener\">mitigate against<\/a>\u2019 negative effects of the Protocol but not get rid of it entirely.<\/p>\n\n\n\n<p>Fixes and workarounds were being devised by Northern Ireland businesses, the UK Government and EU officials who were working together to \u2018mitigate\u2019 issues as they arose in the opening weeks of the year.<\/p>\n\n\n\n<p>Progress had already been made on a VAT mark-up on second-hand cars, high tariffs on steel imports and so-called \u2018groupage\u2019 problems with mixed loads.<\/p>\n\n\n\n<p>Then came AstraZeneca and the European Commission. Embroiled in a dispute with AstraZeneca over the supply of vaccines, the European Commission\u2019s decision to use Article 16 to prevent the hypothetical (and unlikely) scenario of vaccines leaving the EU for the UK via Northern Ireland ignited an already strained situation on the ground.<\/p>\n\n\n\n<p>On 1 February council staff and EU officials carrying out checks at ports in Larne and Belfast were&nbsp;<a href=\"https:\/\/www.bbc.co.uk\/news\/uk-northern-ireland-55901429\" target=\"_blank\" rel=\"noopener\">told<\/a>&nbsp;not to attend their workplace due to security concerns. On 2 February the DUP announced a&nbsp;<a href=\"https:\/\/mydup.com\/news\/dup-free-us-from-protocol\" target=\"_blank\" rel=\"noopener\">Five-Point Plan<\/a>&nbsp;to \u2018free\u2019 Northern Ireland from the Protocol.<\/p>\n\n\n\n<p>On 3 February loyalist representatives&nbsp;<a href=\"https:\/\/www.newsletter.co.uk\/news\/politics\/live-updates-ni-protocol-if-loyalists-have-physically-fight-then-so-be-it-warns-david-campbell-sammy-wilson-describes-protocol-poison-people-northern-ireland-mla-uses-attack-us-capitol-and-donald-trump-emphasise-why-people-3122278\" target=\"_blank\" rel=\"noopener\">spoke<\/a>&nbsp;of their willingness to \u2018physically fight\u2019 if a political solution to the Protocol could not be found, and the Prime Minister said the UK would do \u2018<a href=\"https:\/\/www.telegraph.co.uk\/politics\/2021\/02\/03\/revealed-michael-goves-leaked-letter-eu-demanding-northern-ireland\/\" target=\"_blank\" rel=\"noopener\">everything we need to do<\/a>\u2019 to protect Northern Ireland businesses from an Irish Sea border (which, incidentally, his Secretary of State does&nbsp;<a href=\"https:\/\/twitter.com\/brandonlewis\/status\/1345057483887411200?lang=en\">not<\/a>&nbsp;believe exists).<\/p>\n\n\n\n<p>On 4 February the Chief Constable of the PSNI&nbsp;<a href=\"https:\/\/www.belfasttelegraph.co.uk\/news\/northern-ireland\/chief-constable-simon-byrne-urges-public-to-step-back-from-the-brink-over-ni-protocol-tensions-40051593.html\" target=\"_blank\" rel=\"noopener\">asked<\/a>&nbsp;the public in Northern Ireland to \u2018step back from the brink\u2019, describing \u2018rising community tensions\u2019 and a \u2018febrile\u2019 atmosphere.<\/p>\n\n\n\n<p>None of these developments were inevitable, but what has unfolded in the last week is exactly the kind of scenario the Protocol was designed to prevent.<\/p>\n\n\n\n<p>&nbsp;<\/p>\n\n\n\n<p><strong>Protocol politics: The political risks for Unionism<\/strong><\/p>\n\n\n\n<p>A ratcheting up of the rhetoric on the part of Unionists in general and the DUP in particular could backfire. It is worth noting that Northern Ireland politicians have very little power to influence how the Protocol is or is not implemented.<\/p>\n\n\n\n<p>The EU (Withdrawal Agreement) Act 2020 gives the Protocol direct effect in UK law and there is no international or domestic legal requirement for Northern Ireland to be represented on either the UK-EU Joint Committee, the IRE\/NI Specialised Committee or the (yet to be convened) Joint Consultative Working Group all set up to oversee its enforcement.<\/p>\n\n\n\n<p>By raising expectations about the possibility of disapplying, replacing or substantially revising the Protocol, politicians in Northern Ireland are at risk of making promises that they have no capacity to keep.<\/p>\n\n\n\n<p>For the DUP, this is also an electoral gamble. According to a&nbsp;<a href=\"https:\/\/024943a0-ce9e-4fe5-85a2-d9f4d3bc845d.usrfiles.com\/ugd\/024943_4d976919c4f5444aa9275d6732954e89.pdf\" target=\"_blank\" rel=\"noopener\">poll<\/a>&nbsp;carried out in late January, DUP representation in the NI Assembly could drop by as much as 9.1% at the next election. Alongside a more moderate 3.9% decline in Sinn F\u00e9in representation, this would mean NI could have its first ever Nationalist First Minister.<\/p>\n\n\n\n<p>The same poll suggests 2019 electoral trends broadly persist in Northern Ireland, with a significant jump in support for the Alliance Party (+8.9%), a slight increase in SDLP (+1.1%) and slight decline in UUP (-0.9%).<\/p>\n\n\n\n<p>Crucially for the DUP, however, alongside those 2019 trends, the poll results found a substantial growth (+7.4%) in support for the&nbsp;<a href=\"https:\/\/tuv.org.uk\/\" target=\"_blank\" rel=\"noopener\">TUV<\/a>, a smaller and more hard-line unionist party who have been vociferous critics of the DUP\u2019s handling of Brexit.<\/p>\n\n\n\n<p>If these results are accurate, the DUP are facing the prospect of leaking support to the harder-line unionist TUV on one side and the centrist non-aligned Alliance on the other, creating an unwelcome political&nbsp;<a href=\"https:\/\/www.bbc.co.uk\/news\/uk-northern-ireland-55580471\" target=\"_blank\" rel=\"noopener\">tightrope<\/a>&nbsp;for Foster.<\/p>\n\n\n\n<p>Of course, this is only one poll. We must be careful of over-interpreting. Nonetheless, the political landscape in Northern Ireland is changing and the stakes for the DUP and their Five-Point Plan could not be higher.<\/p>\n\n\n\n<p>&nbsp;<\/p>\n\n\n\n<p><strong>Political protocol: A UK Government gamble<\/strong><\/p>\n\n\n\n<p>The swift change of tone on the part of the UK Government on behalf of Northern Ireland also carries risks. Disruptions to supply chains and limitations on consumer choice have shifted from \u2018teething\u2019 issues to \u2018pressing problems\u2019 urgently in need of resolution.<\/p>\n\n\n\n<p>Gove\u2019s letter to \u0160ef\u010dovi\u010d was met with&nbsp;<a href=\"https:\/\/www.rte.ie\/news\/brexit\/2021\/0203\/1194705-brexit\/\" target=\"_blank\" rel=\"noopener\">concern<\/a>&nbsp;in EU quarters. And while the Article 16 debacle will likely make the EU more amenable to easements there will be no appetite for substantially changing the Protocol, let alone removing it altogether.<\/p>\n\n\n\n<p>The UK Government\u2019s willingness to consider \u2018all instruments at its disposal\u2019 may be put to test. Which leads us back to where we started: UK-EU negotiations with the future of Northern Ireland on the table.<\/p>\n\n\n\n<p>Throughout the Brexit process, it has been the shared aim of the UK and the EU to protect the Belfast Agreement and the peace process it represents. At the heart of that Agreement is the accommodation of difference through an interlocking set of relationships and institutions \u2013 power-sharing devolution, North-South&nbsp;<em>and<\/em>&nbsp;East-West cooperation.<\/p>\n\n\n\n<p>For over twenty years Northern Ireland\u2019s still-in-process peace has relied on British-Irish bilateralism to preserve this delicate balance. By agreeing a Protocol to \u2018protect the 1998 Agreement in all its dimensions\u2019 the EU became, in effect, an additional guarantor of Northern Ireland\u2019s fragile peace.<\/p>\n\n\n\n<p>This fact places a grave responsibility on both sides in this latest round of UK-EU talks. Practical solutions and operational flexibilities are important, but the more urgent need is for the UK and the EU to recognise that the only good way forward lies in cooperation, not contest.<\/p>\n\n\n\n<p>Article originally appeared in <a href=\"https:\/\/ukandeu.ac.uk\/the-politics-of-the-northern-ireland-protocol\/\" target=\"_blank\" rel=\"noopener\">The UK in a Changing Europe.&nbsp;<\/a><\/p>\n\n\n\n<p>&nbsp;<\/p>\n\n\n\n<p><em>The&nbsp;<a href=\"https:\/\/www.geograph.ie\/reuse.php?id=5477005\" target=\"_blank\" rel=\"noopener\">featured&nbsp;image<\/a><\/em>&nbsp;<em>has been used courtesy of a&nbsp;<\/em><a href=\"https:\/\/creativecommons.org\/licenses\/by-nc\/2.0\/\" target=\"_blank\" rel=\"noopener\"><em>Creative Commons license.&nbsp;<\/em><\/a><\/p>\n\n\n\n<p>&nbsp;<\/p>\n","protected":false},"excerpt":{"rendered":"<p>Lisa Whitten looks at recent developments in the Northern Ireland and UK political landscapes following the implementation of the Northern Ireland Protocol.<\/p>\n","protected":false},"author":2564,"featured_media":7453,"comment_status":"open","ping_status":"open","sticky":false,"template":"","format":"standard","meta":{"_acf_changed":false,"_jetpack_memberships_contains_paid_content":false,"footnotes":""},"categories":[41],"tags":[42,948,773],"class_list":["post-7468","post","type-post","status-publish","format-standard","has-post-thumbnail","hentry","category-europe","tag-brexit","tag-protocol","tag-protocol-on-irelandnorthern-ireland"],"mb":[],"acf":{"authors":{"simple_value_formatted":"","value_formatted":null,"value":null,"field":{"ID":9774,"key":"field_66d0cbf58f930","label":"Authors","name":"authors","aria-label":"","prefix":"acf","type":"relationship","value":null,"menu_order":1,"instructions":"","required":0,"id":"","class":"","conditional_logic":0,"parent":9772,"wrapper":{"width":"","class":"","id":""},"post_type":["authors"],"post_status":["publish"],"taxonomy":"","filters":["search"],"return_format":"id","min":0,"max":10,"allow_in_bindings":0,"elements":["featured_image"],"bidirectional":0,"bidirectional_target":[],"_name":"authors","_valid":1}},"description":{"simple_value_formatted":"","value_formatted":"","value":"","field":{"ID":9776,"key":"field_66d2183027749","label":"Description","name":"description","aria-label":"","prefix":"acf","type":"wysiwyg","value":null,"menu_order":3,"instructions":"","required":0,"id":"","class":"","conditional_logic":0,"parent":9772,"wrapper":{"width":"","class":"","id":""},"default_value":"","allow_in_bindings":0,"tabs":"all","toolbar":"basic","media_upload":0,"delay":1,"_name":"description","_valid":1}}},"jetpack_featured_media_url":"https:\/\/blogs.qub.ac.uk\/qpol\/wp-content\/uploads\/sites\/76\/2021\/02\/Belfast-port-2.jpg","jetpack_sharing_enabled":true,"amp_enabled":true,"mfb_rest_fields":["title","jetpack_featured_media_url","jetpack_sharing_enabled","amp_enabled"],"_links":{"self":[{"href":"https:\/\/blogs.qub.ac.uk\/qpol\/wp-json\/wp\/v2\/posts\/7468","targetHints":{"allow":["GET"]}}],"collection":[{"href":"https:\/\/blogs.qub.ac.uk\/qpol\/wp-json\/wp\/v2\/posts"}],"about":[{"href":"https:\/\/blogs.qub.ac.uk\/qpol\/wp-json\/wp\/v2\/types\/post"}],"author":[{"embeddable":true,"href":"https:\/\/blogs.qub.ac.uk\/qpol\/wp-json\/wp\/v2\/users\/2564"}],"replies":[{"embeddable":true,"href":"https:\/\/blogs.qub.ac.uk\/qpol\/wp-json\/wp\/v2\/comments?post=7468"}],"version-history":[{"count":0,"href":"https:\/\/blogs.qub.ac.uk\/qpol\/wp-json\/wp\/v2\/posts\/7468\/revisions"}],"wp:featuredmedia":[{"embeddable":true,"href":"https:\/\/blogs.qub.ac.uk\/qpol\/wp-json\/wp\/v2\/media\/7453"}],"wp:attachment":[{"href":"https:\/\/blogs.qub.ac.uk\/qpol\/wp-json\/wp\/v2\/media?parent=7468"}],"wp:term":[{"taxonomy":"category","embeddable":true,"href":"https:\/\/blogs.qub.ac.uk\/qpol\/wp-json\/wp\/v2\/categories?post=7468"},{"taxonomy":"post_tag","embeddable":true,"href":"https:\/\/blogs.qub.ac.uk\/qpol\/wp-json\/wp\/v2\/tags?post=7468"}],"curies":[{"name":"wp","href":"https:\/\/api.w.org\/{rel}","templated":true}]}}