{"id":3056,"date":"2017-06-20T16:30:35","date_gmt":"2017-06-20T15:30:35","guid":{"rendered":"http:\/\/qpol.qub.ac.uk\/?p=3056"},"modified":"2017-06-20T16:30:35","modified_gmt":"2017-06-20T15:30:35","slug":"irish-language-act","status":"publish","type":"post","link":"https:\/\/blogs.qub.ac.uk\/qpol\/irish-language-act\/","title":{"rendered":"Debate over Irish language is central to power-sharing talks in Northern Ireland"},"content":{"rendered":"\n<p>Northern Ireland\u2019s Democratic Unionist Party (DUP) now&nbsp;<a href=\"http:\/\/qpol.qub.ac.uk\/tory-dup-deal\/\" target=\"_blank\" rel=\"noopener\">finds itself kingmaker<\/a>&nbsp;at Westminster after Theresa May\u2019s election gamble backfired. Back home in Belfast, talks have restarted at Stormont to find a way through Northern Ireland\u2019s political impasse caused by a&nbsp;<a href=\"http:\/\/www.independent.co.uk\/news\/uk\/politics\/northern-ireland-power-sharing-latest-collapse-end-sinn-fein-refuse-stormont-dup-martin-mcguinness-a7529111.html\" target=\"_blank\" rel=\"noopener\">breakdown<\/a>&nbsp;in the devolved power-sharing government and&nbsp;<a href=\"http:\/\/qpol.qub.ac.uk\/election-ni-fallout\/\" target=\"_blank\" rel=\"noopener\">subsequent election<\/a>. The deadline for an agreement is June 29.<\/p>\n\n\n\n<p>One of the central sticking points of the talks is the Irish language \u2013 also known as Irish Gaelic \u2013 and whether there is a need for an Irish Language Act for Northern Ireland. In late May,&nbsp;<a href=\"http:\/\/www.belfasttelegraph.co.uk\/news\/northern-ireland\/thousands-join-irish-language-act-march-in-belfast-may-2017-photos-35738356.html\" target=\"_blank\" rel=\"noopener\">thousands<\/a>&nbsp;marched in Belfast in support of an Irish Language Act. The issue, bound up with divisions in society over national identity, has divided political parties which draw their support from the nationalist and unionist communities.<\/p>\n\n\n\n<p>The two unionist parties, the DUP and the Ulster Unionist Party, have been reluctant to support an Act whereas the nationalist parties, Sinn F\u00e9in and the Social Democratic and Labour Party, have traditionally been in favour of legislation.<\/p>\n\n\n\n<p>The decision to speak Irish in Northern Ireland&nbsp;<a href=\"http:\/\/www.bbc.co.uk\/news\/37952171\" target=\"_blank\" rel=\"noopener\">has been interpreted<\/a>&nbsp;as a cultural weapon used by nationalists to exacerbate sectarian division. It is also seen by&nbsp;<a href=\"http:\/\/www.bbc.co.uk\/programmes\/p04t041k\" target=\"_blank\" rel=\"noopener\">some<\/a>&nbsp;as a pointless minority language: they think that speaking Irish is a hobby which may be pursued by individuals but which should place no undue compunction on the state.<\/p>\n\n\n\n<p>For those who hold this view, the state provides ample support by means of its financial contribution to&nbsp;<a href=\"http:\/\/www.forasnagaeilge.ie\/about\/about-foras-na-gaeilge\/?lang=en\" target=\"_blank\" rel=\"noopener\">Foras na Gaeilge<\/a>, the all-island body for the promotion of Irish, and through its commitment to the facilitation of&nbsp;<a href=\"http:\/\/www.educationengland.org.uk\/documents\/acts\/1998-ni-education-order.pdf\" target=\"_blank\" rel=\"noopener\">Irish-medium education<\/a>.<\/p>\n\n\n\n<p>But among those who speak Irish (approximately 185,000 people according to the&nbsp;<a href=\"https:\/\/view.officeapps.live.com\/op\/view.aspx?src=http%3A%2F%2Fwww.ninis2.nisra.gov.uk%2FDownload%2FCensus%25202011_Excel%2F2011%2FQS216NI.xls\" target=\"_blank\" rel=\"noopener\">2011 census<\/a>) the lack of adequate support for the language\u2019s preservation and transmission to new generations is seen as political. They believe that the language has been neglected by the Northern Ireland state and that this has been fed by a perception that the language is subversive and \u201cbelongs\u201d only to nationalists.<\/p>\n\n\n\n<p><strong>&nbsp;<\/strong><\/p>\n\n\n\n<p><strong>A shared history <\/strong><\/p>\n\n\n\n<p>Taking a broader historical perspective, the facts are much more complicated. The connection between the Irish language and politics precedes the foundation of Northern Ireland in 1921. It has been spoken within both the Protestant and Catholic communities since the Plantation of Ulster in 1609, and the revival of the language in the 19th century is indebted to both Protestants and Catholics.<\/p>\n\n\n\n<p>Elements of Irish-language culture (particularly&nbsp;<a href=\"http:\/\/www.placenamesni.org\/\" target=\"_blank\" rel=\"noopener\">local place-names<\/a>) are cherished equally across the whole community in Northern Ireland, irrespective of religious and political differences, and constitute part of a shared heritage. This has been evident in a renewed interest in the language among members of the&nbsp;<a href=\"http:\/\/www.ebm.org.uk\/turas\/\" target=\"_blank\" rel=\"noopener\">Protestant community in Belfast<\/a>, in particular.<\/p>\n\n\n\n<p>The&nbsp;<a href=\"http:\/\/www.coe.int\/en\/web\/conventions\/full-list\/-\/conventions\/treaty\/148\" target=\"_blank\" rel=\"noopener\">European Charter for Regional and Minority Languages<\/a>, ratified by the UK in 2001, recognises \u201cthe importance of respect, understanding and tolerance in relation to linguistic diversity\u201d.<\/p>\n\n\n\n<p>The British government, in the 2006&nbsp;<a href=\"http:\/\/www.legislation.gov.uk\/ukpga\/2006\/53\/introduction\" target=\"_blank\" rel=\"noopener\">St Andrews Agreement<\/a>, promised to introduce an Irish Language Act in Northern Ireland \u2013 yet the legislation which followed in 2007 that gave legal effect to the agreement made no mention of such an act. Language legislation was devolved to the Northern Ireland Assembly at that point.<\/p>\n\n\n\n<p>Provision was then made in the St Andrews Act for an amendment to the&nbsp;<a href=\"http:\/\/www.legislation.gov.uk\/ukpga\/1998\/47\/section\/1\" target=\"_blank\" rel=\"noopener\">Northern Ireland Act 1998<\/a>, obliging the executive committee of the Northern Ireland Assembly to \u201cadopt a strategy setting out how it proposes to enhance and protect the development of the Irish language\u201d. Since then, cross-party support which is required for an Irish Language Act has not been forthcoming, nor has the executive agreed a strategy.<\/p>\n\n\n\n<p>The devolved Department for Communities has produced&nbsp;<a href=\"https:\/\/www.communities-ni.gov.uk\/topics\/languages\" target=\"_blank\" rel=\"noopener\">strategies<\/a>&nbsp;to \u201cenhance and protect the development of the Irish Language\u201d, and Ulster-Scots (a distinct language closely related to Scots and introduced into Ulster in the aftermath of the Plantation). But the minister in charge of the department is empowered to continue or discontinue elements of support in line with his or her political priorities. In late 2016, the&nbsp;<a href=\"http:\/\/www.bbc.co.uk\/news\/uk-northern-ireland-38594609\" target=\"_blank\" rel=\"noopener\">decision<\/a>&nbsp;by the communities minister, Paul Givan, of the DUP, to withdraw funding from the L\u00edofa programme for learners of Irish, led to public outcry and contributed to the current political crisis in Stormont. The minister subsequently reviewed his decision and reinstated the funding.<\/p>\n\n\n\n<p>In March 2017, a&nbsp;<a href=\"http:\/\/www.bbc.co.uk\/news\/uk-northern-ireland-39157612\" target=\"_blank\" rel=\"noopener\">judicial review<\/a>&nbsp;by the High Court found the Northern Ireland Executive had failed to adopt a strategy for Irish.<\/p>\n\n\n\n<p><strong>&nbsp;<\/strong><\/p>\n\n\n\n<p><strong>The case for an act<\/strong><\/p>\n\n\n\n<p>Legal protection of a language helps to remove it from the domain of confrontational party politics. The introduction of an Irish Language Act would mean that Northern Ireland would no longer be in breach of national and international agreements regarding language rights and the personal preferences of individual ministers would no longer dictate the level of support the language receives. An agreed legal framework for Irish would also mean that those who do not wish to engage with the language would be protected, irrespective of fluctuations in political governance and electoral politics. Irish could not be enforced in education or any other sphere to the point where it becomes an issue of compulsion or obligation on the citizen.<\/p>\n\n\n\n<p>An Irish Language Act would also be key to enabling the transmission of Irish to younger generations by providing for the use of the language in as many domains as possible in public life, for example in dealings with public bodies and local government.<\/p>\n\n\n\n<p>While there is a demand for an Irish Language Act, this demand should be met with an Act that endeavours to depoliticise the language and to garner the greatest possible agreement from across the community. An Act will function best in a context of consensus: good will and generosity must exist in order for it to achieve its goals.<\/p>\n\n\n\n<p><strong>M\u00edche\u00e1l B. \u00d3 Mainn\u00edn is a&nbsp;Professor of Irish &amp; Celtic Studies in Queen&#8217;s University Belfast. His primary research interests are in Irish and Scottish Gaelic language and literature, particularly in language and identity, name studies, and the literature of the medieval and early modern periods.<\/strong><\/p>\n\n\n\n<p>&nbsp;<\/p>\n\n\n\n<p>Article first appeared in <a href=\"http:\/\/theconversation.com\/debate-over-irish-language-is-central-to-power-sharing-talks-in-northern-ireland-79285\" target=\"_blank\" rel=\"noopener\">The Conversation.&nbsp;<\/a><\/p>\n\n\n\n<p><em><span style=\"font-family: 'Georgia',serif\">The <a href=\"https:\/\/www.flickr.com\/photos\/sinnfeinireland\/33030014536\/in\/photolist-Soqj4k-R6GENy-SjKszf-R6GKWu-SjKrKE-R6GM7W-SoqhvR-ScdUPt-ScdRQc-S9B4nq-snEuvZ-SoqkBR-RNEig9-SjKoDE-S9Bg9S-SCbnGn-PCPtSY\" target=\"_blank\" rel=\"noopener\">featured&nbsp;image<\/a><\/span><\/em><span style=\"font-family: 'Georgia',serif\"> <em><span style=\"font-family: 'Georgia',serif;color: #333333\">has been used courtesy of a <\/span><\/em><\/span><a href=\"https:\/\/creativecommons.org\/licenses\/by-nc\/2.0\/\" target=\"_blank\" rel=\"noopener\"><em><span style=\"font-family: 'Georgia',serif;color: blue\">Creative Commons licence<\/span><\/em><\/a><em><span style=\"font-family: 'Georgia',serif;color: #333333\">.<\/span><\/em><\/p>\n","protected":false},"excerpt":{"rendered":"<p>In the first of two articles, and in light of the resumed talks at Stormont to restore power-sharing, Deirdre Dunlevy and Professor Micheal O&#8217;Mainnin look at the ongoing call for an Irish Language Act in Northern Ireland.<\/p>\n","protected":false},"author":2510,"featured_media":3063,"comment_status":"open","ping_status":"open","sticky":false,"template":"","format":"standard","meta":{"_acf_changed":false,"_jetpack_memberships_contains_paid_content":false,"footnotes":""},"categories":[27],"tags":[90,585,586],"class_list":["post-3056","post","type-post","status-publish","format-standard","has-post-thumbnail","hentry","category-politics-and-democracy","tag-assembly","tag-irish-language-act","tag-stormont"],"mb":[],"acf":{"authors":{"simple_value_formatted":"","value_formatted":null,"value":null,"field":{"ID":9774,"key":"field_66d0cbf58f930","label":"Authors","name":"authors","aria-label":"","prefix":"acf","type":"relationship","value":null,"menu_order":1,"instructions":"","required":0,"id":"","class":"","conditional_logic":0,"parent":9772,"wrapper":{"width":"","class":"","id":""},"post_type":["authors"],"post_status":["publish"],"taxonomy":"","filters":["search"],"return_format":"id","min":0,"max":10,"allow_in_bindings":0,"elements":["featured_image"],"bidirectional":0,"bidirectional_target":[],"_name":"authors","_valid":1}},"description":{"simple_value_formatted":"","value_formatted":"","value":"","field":{"ID":9776,"key":"field_66d2183027749","label":"Description","name":"description","aria-label":"","prefix":"acf","type":"wysiwyg","value":null,"menu_order":3,"instructions":"","required":0,"id":"","class":"","conditional_logic":0,"parent":9772,"wrapper":{"width":"","class":"","id":""},"default_value":"","allow_in_bindings":0,"tabs":"all","toolbar":"basic","media_upload":0,"delay":1,"_name":"description","_valid":1}}},"jetpack_featured_media_url":"https:\/\/blogs.qub.ac.uk\/qpol\/wp-content\/uploads\/sites\/76\/2017\/06\/acht-na-gaeilge.jpg","jetpack_sharing_enabled":true,"amp_enabled":true,"mfb_rest_fields":["title","jetpack_featured_media_url","jetpack_sharing_enabled","amp_enabled"],"_links":{"self":[{"href":"https:\/\/blogs.qub.ac.uk\/qpol\/wp-json\/wp\/v2\/posts\/3056","targetHints":{"allow":["GET"]}}],"collection":[{"href":"https:\/\/blogs.qub.ac.uk\/qpol\/wp-json\/wp\/v2\/posts"}],"about":[{"href":"https:\/\/blogs.qub.ac.uk\/qpol\/wp-json\/wp\/v2\/types\/post"}],"author":[{"embeddable":true,"href":"https:\/\/blogs.qub.ac.uk\/qpol\/wp-json\/wp\/v2\/users\/2510"}],"replies":[{"embeddable":true,"href":"https:\/\/blogs.qub.ac.uk\/qpol\/wp-json\/wp\/v2\/comments?post=3056"}],"version-history":[{"count":0,"href":"https:\/\/blogs.qub.ac.uk\/qpol\/wp-json\/wp\/v2\/posts\/3056\/revisions"}],"wp:featuredmedia":[{"embeddable":true,"href":"https:\/\/blogs.qub.ac.uk\/qpol\/wp-json\/wp\/v2\/media\/3063"}],"wp:attachment":[{"href":"https:\/\/blogs.qub.ac.uk\/qpol\/wp-json\/wp\/v2\/media?parent=3056"}],"wp:term":[{"taxonomy":"category","embeddable":true,"href":"https:\/\/blogs.qub.ac.uk\/qpol\/wp-json\/wp\/v2\/categories?post=3056"},{"taxonomy":"post_tag","embeddable":true,"href":"https:\/\/blogs.qub.ac.uk\/qpol\/wp-json\/wp\/v2\/tags?post=3056"}],"curies":[{"name":"wp","href":"https:\/\/api.w.org\/{rel}","templated":true}]}}