{"id":1683,"date":"2016-08-12T15:11:43","date_gmt":"2016-08-12T14:11:43","guid":{"rendered":"http:\/\/qpol.qub.ac.uk\/?p=1683"},"modified":"2016-08-12T15:11:43","modified_gmt":"2016-08-12T14:11:43","slug":"spain-third-election-year-horizon","status":"publish","type":"post","link":"https:\/\/blogs.qub.ac.uk\/qpol\/spain-third-election-year-horizon\/","title":{"rendered":"Spain: is a third election in a year on the horizon?"},"content":{"rendered":"\n<p>Despite holding <a href=\"https:\/\/theconversation.com\/spain-steels-itself-for-another-election-after-months-with-no-government-60675\" target=\"_blank\" rel=\"noopener\">two elections<\/a> in the past year, Spain still doesn\u2019t have a functioning government. The People\u2019s Party increased its representation yet fell short of the required majority. As intense negotiations and political dealings continue, is a third trip to the polls in a year looming?<\/p>\n\n\n\n<p>When the first of the two recent votes took place in <a href=\"http:\/\/theconversation.com\/explainer-the-spanish-general-election-52545\" target=\"_blank\" rel=\"noopener\">December 2015<\/a>, it was widely expected that austerity would drain support for the country\u2019s two main parties \u2013 the incumbent conservative People\u2019s Party (PP) and the socialist PSOE. The newer reformist parties \u2013 Podemos and Ciudadanos (the Citizens\u2019 Party) \u2013 capitalised on civic mobilisation to serve notice on the bipartisan system. Both made momentous gains. Podemos came away with 42 seats in the lower house of the parliament and the Citizens\u2019 Party 40. The socialists, meanwhile, had their worst election ever.<\/p>\n\n\n\n<p>The results plunged Spain into <a href=\"http:\/\/theconversation.com\/spain-votes-for-change-but-has-no-idea-what-government-itll-end-up-with-52583\" target=\"_blank\" rel=\"noopener\">uncertainty<\/a>. For the first time since Spain\u2019s transition to democracy in 1977, following the death of Franco, no candidate secured enough electoral support to lead the country. Negotiations between the parties seeking to form a government dragged on without resolution.<\/p>\n\n\n\n<p>The 11th Spanish parliament was to become the shortest in Spain\u2019s modern democracy \u2013 and the only one to pass without a government ever being formed. <a href=\"http:\/\/theconversation.com\/spain-steels-itself-for-another-election-after-months-with-no-government-60675\" target=\"_blank\" rel=\"noopener\">Fresh elections<\/a> were called for June.<\/p>\n\n\n\n<p>&nbsp;<\/p>\n\n\n\n<h2 class=\"wp-block-heading\"><strong>Double dip<\/strong><\/h2>\n\n\n\n<p>This second election was a notably lower-key affair than the first. Again, though, it failed to produce a workable majority for any party. The new left-wing grouping of parties headed by Podemos failed to make any significant gains. The PP increased its share of the vote but not by enough to secure the majority it had enjoyed since 2011. Once again, the PSOE obtained its worst historic result, compounding further the losses suffered in 2015.<\/p>\n\n\n\n<p>Although provisional ministerial positions were allocated and political groupings formed, no agreement was reached about who should be Prime Minister. Former PM Mariano Rajoy continued as caretaker, but ambiguity remained about the longer-term solution.<\/p>\n\n\n\n<p>Frustration grew among politicians and the general public. It is the role of the King to meet with representatives from the various parties to encourage consensus and dialogue, yet even he is said to have been demonstrably <a href=\"http:\/\/politica.elpais.com\/politica\/2016\/07\/26\/actualidad\/1469518087_208008.html\" target=\"_blank\" rel=\"noopener\">more sombre<\/a> in the wake of the second vote.<\/p>\n\n\n\n<p>King Felipe has <a href=\"http:\/\/www.eldiario.es\/politica\/Ana-Pastor-Congreso-PP-Ciudadanos_0_538946198.html\" target=\"_blank\" rel=\"noopener\">indicated<\/a> that he believes Rajoy would now have the support to form a new government. Unlike earlier in the year, when Rajoy did not put himself forward to lead a potential government, the caretaker Prime Minister has this time accepted the monarch\u2019s charge that he should lead the country.<\/p>\n\n\n\n<p>Nevertheless, Rajoy must still submit himself to a parliamentary vote in order to become prime minister. He maintains that he will not attend such a debate unless he is sure of the support of the house. His stance is being contested by legal experts who suggest that, having already accepted the king\u2019s nomination, Rajoy must now appear before the house.<\/p>\n\n\n\n<p>Constitutionally, there is no specific time limit between the election and the first parliamentary vote for prime ministerial candidates. However, should Rajoy attend and lose \u2013 something which he is of course keen to avoid \u2013 he then has a maximum period of two months to continue negotiations to win the support of parliament. If this happens and he fails, an unprecedented third election would become necessary.<\/p>\n\n\n\n<p>&nbsp;<\/p>\n\n\n\n<h2 class=\"wp-block-heading\"><strong>Do you really want to do it all again?<\/strong><\/h2>\n\n\n\n<p>The Citizens\u2019 Party has been making noises about abstaining from the vote. However, Rajoy is in <a href=\"http:\/\/www.elmundo.es\/espana\/2016\/08\/03\/57a10d23468aeb8d488b459c.html\" target=\"_blank\" rel=\"noopener\">constant contact<\/a> with its members and increasingly likely to make concessions on issues such as <a href=\"http:\/\/politica.elpais.com\/politica\/2016\/08\/09\/actualidad\/1470730007_572777.html\" target=\"_blank\" rel=\"noopener\">political reform and regeneration<\/a> in order to secure favourable votes from them.<\/p>\n\n\n\n<p>The Citizens \u2013 seeing themselves as key players in securing progress \u2013 are also attempting to persuade PSOE representatives to follow suit and at least abstain rather than vote against Rajoy, based on the promise of reform and a continued fight against corruption. That might enable the PP candidate Rajoy to win the vote and govern in a minority government.<\/p>\n\n\n\n<p>PSOE leader Pedro S\u00e1nchez has so far refused to contemplate any vote other than one against a PP government. He believes abstention would effectively hand the role of opposition to the more radical Podemos and would see the socialists exiled to the back benches for a considerable time.<\/p>\n\n\n\n<p>However, the party\u2019s electoral performance under his leadership leaves S\u00e1nchez in a weak position. Pressure is mounting from unlikely sources \u2013 including the centre-left newspaper <em>El Pa\u00eds<\/em> and former socialist Prime Ministers Felipe Gonz\u00e1lez and Jos\u00e9 Luis Rodr\u00edguez Zapatero. Their inclination is to allow the PP to govern and take time to rebuild their own party, benefiting from holding the government to account. S\u00e1nchez may therefore be forced to change his stance or risk losing the backing of his own party.<\/p>\n\n\n\n<p>Meanwhile, as all this political wrangling continues, important decisions need to be made. The EU agreed last month not to impose a fine on the Spanish for missing deficit targets, but only in exchange for further austerity measures. The Spanish people are growing increasingly frustrated as 2016 continues in economic and political instability and uncertainty. Unless Rajoy can win over his critics, a third election could be held later in the year. But the indications are that politicians on all sides will strive to avoid this and the undoubted chastisement of an impatient electorate.<\/p>\n\n\n\n<p>Article first appeared in <a href=\"https:\/\/theconversation.com\/spain-is-a-third-election-in-a-year-on-the-horizon-63681\" target=\"_blank\" rel=\"noopener\">The Conversation<\/a>.<\/p>\n\n\n\n<p><em>The <\/em><a href=\"https:\/\/www.flickr.com\/photos\/lamoncloa_gob_es\/16271181492\/in\/photolist-qMQ4nW-7Naiv1-ddBCg2-dRUSHu-rhPBTx-bxnjX3-bR6thn-ddBADQ-pQehCi-dx89uZ-dRvGA7-ddBP4A-pzmUYT-bLh1Sk-ddG4La-dfPaqc-dcFdsE-bLh1Ur-orEQ2n-nvKrAU-bxnjSy-bxnk3U-bemBsH-bLh1Me-qvsi76-4wtJUp-dNJiba-bxnjUQ-bemB2e-dkj1zb-fnccGW-onT8BW-bR6vAF-dx8eZX-aF6o1v-orEPZt-7xu8b6-oTsctN-qEqHg6-dxzmxE-kycYo9-9j7b6S-dnvCZS-bemB8i-bCbLLf-exN5bz-9j42Zx-paX2rp-dCh8KB-dWEgQ7\" target=\"_blank\" rel=\"noopener\"><em>featured image<\/em><\/a><em> in this article&nbsp;of <\/em><em>Spanish interim Prime Minister Mariano Rajoy <\/em><em>has been used thanks to a <\/em><a href=\"https:\/\/creativecommons.org\/licenses\/by-nd\/2.0\/\" target=\"_blank\" rel=\"noopener\"><em>Creative Commons licence<\/em><\/a>.<\/p>\n\n\n\n<p>&nbsp;<\/p>\n","protected":false},"excerpt":{"rendered":"<p>After two elections and two failed attempts to choose a Prime Minister who can form a government in Spain, Mark McKinty examines the likelihood of the country heading for a third election in less than a year.   <\/p>\n","protected":false},"author":2471,"featured_media":1688,"comment_status":"open","ping_status":"open","sticky":false,"template":"","format":"standard","meta":{"_acf_changed":false,"_jetpack_memberships_contains_paid_content":false,"footnotes":""},"categories":[27],"tags":[285,414,415,416,417,418],"class_list":["post-1683","post","type-post","status-publish","format-standard","has-post-thumbnail","hentry","category-politics-and-democracy","tag-general-election","tag-partido-popular","tag-prime-minister","tag-psoe","tag-rajoy","tag-spain"],"mb":[],"acf":{"authors":{"simple_value_formatted":"","value_formatted":null,"value":null,"field":{"ID":9774,"key":"field_66d0cbf58f930","label":"Authors","name":"authors","aria-label":"","prefix":"acf","type":"relationship","value":null,"menu_order":1,"instructions":"","required":0,"id":"","class":"","conditional_logic":0,"parent":9772,"wrapper":{"width":"","class":"","id":""},"post_type":["authors"],"post_status":["publish"],"taxonomy":"","filters":["search"],"return_format":"id","min":0,"max":10,"allow_in_bindings":0,"elements":["featured_image"],"bidirectional":0,"bidirectional_target":[],"_name":"authors","_valid":1}},"description":{"simple_value_formatted":"","value_formatted":"","value":"","field":{"ID":9776,"key":"field_66d2183027749","label":"Description","name":"description","aria-label":"","prefix":"acf","type":"wysiwyg","value":null,"menu_order":3,"instructions":"","required":0,"id":"","class":"","conditional_logic":0,"parent":9772,"wrapper":{"width":"","class":"","id":""},"default_value":"","allow_in_bindings":0,"tabs":"all","toolbar":"basic","media_upload":0,"delay":1,"_name":"description","_valid":1}}},"jetpack_featured_media_url":"https:\/\/blogs.qub.ac.uk\/qpol\/wp-content\/uploads\/sites\/76\/2016\/08\/Mariano-Rajoy.jpg","jetpack_sharing_enabled":true,"amp_enabled":true,"mfb_rest_fields":["title","jetpack_featured_media_url","jetpack_sharing_enabled","amp_enabled"],"_links":{"self":[{"href":"https:\/\/blogs.qub.ac.uk\/qpol\/wp-json\/wp\/v2\/posts\/1683","targetHints":{"allow":["GET"]}}],"collection":[{"href":"https:\/\/blogs.qub.ac.uk\/qpol\/wp-json\/wp\/v2\/posts"}],"about":[{"href":"https:\/\/blogs.qub.ac.uk\/qpol\/wp-json\/wp\/v2\/types\/post"}],"author":[{"embeddable":true,"href":"https:\/\/blogs.qub.ac.uk\/qpol\/wp-json\/wp\/v2\/users\/2471"}],"replies":[{"embeddable":true,"href":"https:\/\/blogs.qub.ac.uk\/qpol\/wp-json\/wp\/v2\/comments?post=1683"}],"version-history":[{"count":0,"href":"https:\/\/blogs.qub.ac.uk\/qpol\/wp-json\/wp\/v2\/posts\/1683\/revisions"}],"wp:featuredmedia":[{"embeddable":true,"href":"https:\/\/blogs.qub.ac.uk\/qpol\/wp-json\/wp\/v2\/media\/1688"}],"wp:attachment":[{"href":"https:\/\/blogs.qub.ac.uk\/qpol\/wp-json\/wp\/v2\/media?parent=1683"}],"wp:term":[{"taxonomy":"category","embeddable":true,"href":"https:\/\/blogs.qub.ac.uk\/qpol\/wp-json\/wp\/v2\/categories?post=1683"},{"taxonomy":"post_tag","embeddable":true,"href":"https:\/\/blogs.qub.ac.uk\/qpol\/wp-json\/wp\/v2\/tags?post=1683"}],"curies":[{"name":"wp","href":"https:\/\/api.w.org\/{rel}","templated":true}]}}