{"id":1453,"date":"2016-05-30T14:06:48","date_gmt":"2016-05-30T13:06:48","guid":{"rendered":"http:\/\/qpol.qub.ac.uk\/?p=1453"},"modified":"2016-05-30T14:06:48","modified_gmt":"2016-05-30T13:06:48","slug":"austria-mr-far-right-charming","status":"publish","type":"post","link":"https:\/\/blogs.qub.ac.uk\/qpol\/austria-mr-far-right-charming\/","title":{"rendered":"Austria and Mr \u2018Far-Right Charming\u2019?"},"content":{"rendered":"\n<p>All the people I know felt this hesitant relief after Monday the 23<sup>rd<\/sup> of May 2016 and the late afternoon announcement that Alexander van der Bellen won the Austrian presidency. Van der Bellen is a former leader of the Austrian Green party, who entered the race on an independent ticket. It was a very tight competition as voters had provided van der Bellen only with the thinnest majority. Whereas on Sunday night the far-right FP\u00d6 (<em>Freiheitliche Partei \u00d6sterreichs &#8211; <\/em>Austrian Freedom Party) candidate, Norbert Hofer, <a href=\"https:\/\/www.rt.com\/news\/344020-far-right-austria-president\" target=\"_blank\" rel=\"noopener\">led the race with 51.90%<\/a>, optimistic speculations suggested that the postal ballots of more than 700,000 voters would swing the result as these voters lean more to the left usually, and in the end,&nbsp;it made all the difference.<\/p>\n\n\n\n<p>The head of state in Austria, like in most of the other European countries, embodies seniority and <em>represents<\/em> rather than <em>leads<\/em> national political affairs. Having said that, it is the president of the country who is able to dissolve parliament and might call for an early election. Given the scale of success for the FP\u00d6 candidate, this might have caused nightmares on a different and indeed a new scale. Heinz-Christian Strache, the leader of the FP\u00d6, is the chancellor candidate in waiting, and the next national parliament election will be quite soon in Austria, in 2018. That means there are two years left to stop the tide of populist far-right mood of <em>vox populi.<\/em><\/p>\n\n\n\n<p>Far-right populism is on the rise in various countries, and nationalistic extremists have been voted into government power in Hungary and<a href=\"http:\/\/qpol.qub.ac.uk\/law-and-justice-polands-return-to-catholic-morality-and-a-homogenous-society\" target=\"_blank\" rel=\"noopener\"> Poland<\/a>. In Finland, for example, the leader of the Finnish nationalist party became <a href=\"http:\/\/www.bbc.co.uk\/news\/world-europe-36150807\" target=\"_blank\" rel=\"noopener\">Foreign Minister<\/a>.<\/p>\n\n\n\n<p>In his book, \u2018<em>Did somebody say Totalitarianism?\u2019<\/em> (2001, 2002), the Slovenian Philosopher, <a href=\"http:\/\/www.iep.utm.edu\/zizek\/\" target=\"_blank\" rel=\"noopener\">Slavoj \u017di\u017eek,<\/a> comments on the rise of extreme right-wing parties in the 1990s and how mainstream politics responded to this. In his book, he refers to Haider in Austria, Le Pen in France and Buchanan in the US. Back in the 1990s, for better or for worse, mainstream parties and politicians largely agreed on a strict ethical boundary between bad, populist far-right parties, and the \u2018good\u2019 ones.<\/p>\n\n\n\n<p>The rise of the far-right parties more recently is connected to political challenges such as the mass arrival of refugees in Europe in 2015, the failed Euro policy (e.g. austerity) and a lack of European social integration, for example. Without a convincing solidarity strategy in place, the governing political elites across Europe, and Austria is a case in point, prove they are not equipped to respond adequately to the xenophobia of significant percentages of their population and the ongoing economic, demographic, cultural and social transformation in European societies. There is a broad anxiety when it comes to issues of national security, individual safety and economic change, all triggered by global capitalism and neo-liberal politics.<\/p>\n\n\n\n<p>Though the scale and emergence of the populist far-right seems to be \u2018unforeseen\u2019, warning signs have been out there for quite a while. It is important to look at some of these processes that influence the performances of far-right political parties today, and further, to understand some of the appeal of the new faces representing far-right politics.<\/p>\n\n\n\n<p>A game changer in Austria was <a href=\"http:\/\/www.theguardian.com\/world\/2008\/oct\/11\/haider-obituary\" target=\"_blank\" rel=\"noopener\">J\u00f6rg Haider<\/a>. Haider became leader of the FP\u00d6 in Carinthia in 1983. By 1999, he was elected governor when the party gained 42% and he won a majority, opening up the avenue to hold power in the Carinthia parliament. By 2000, Haider and the FP\u00d6 entered a coalition with the \u00d6VP (<em>\u00d6sterreichische Volkspartei<\/em> &#8211; Austrian People\u2019s Party) and Haider became a \u2018brand\u2019 for the formation of a new far-right image and party spirit.<\/p>\n\n\n\n<p>However, 16 years ago, most EU Member states refused <em>to normalise<\/em> the Austrian government on these terms, condemning the far-right coalition and this is what \u017di\u017eek is critiquing in his book. What he calls the \u2018post-political consensus\u2019 failed to tackle the roots of far-right appeal. Mainstream politics did not engage further with the situation of the lower end of the social classes, particularly, taking on board the electoral power of those who don&#8217;t live an urban cosmopolitan life, but rather in rural areas, which often indicates a more homogenous social fabric and hit hardest by socio-economic globalisation.<\/p>\n\n\n\n<p>Despite its temporary marginalisation, far-right mobilisation did not vanish. <a href=\"http:\/\/www.theguardian.com\/world\/2008\/oct\/12\/austria-thefarright\" target=\"_blank\" rel=\"noopener\">Haider died in a car crash <\/a>in 2008, but he epitomizes the new face of far-right populism internationally.<\/p>\n\n\n\n<p>According to <a href=\"http:\/\/www.lancaster.ac.uk\/linguistics\/about-us\/people\/ruth-wodak\" target=\"_blank\" rel=\"noopener\">Ruth Wodak <\/a>(2013) nativist ideology and an exclusionary chauvinism characterise most prominently far-right populism. Its core elements are encompassed by what she calls the \u2018Haiderization of politics\u2019 \u2013 an effect of media democracy and celebrity pop culture.<\/p>\n\n\n\n<p>In the German weekly newspaper <em>ZEIT<\/em>, in 2000, it was termed \u2018the world of <a href=\"http:\/\/www.zeit.de\/2000\/07\/200007.aussehen_haider_.xml\/komplettansicht\" target=\"_blank\" rel=\"noopener\">fechism\u2019<\/a>. The German word \u2018<em>fesch<\/em>\u2019 means \u2018handsome\u2019 or \u2018fancy\u2019. Associated with Haider and referring to his tanned face as well as his taste for smart and stylish clothes, it conveys even more today the \u2018normalisation\u2019&nbsp; of<br>\nfar-right politics[1], (&nbsp;<a href=\"http:\/\/blog.oup.com\/2015\/12\/oiso-islamophobia\/\" target=\"_blank\" rel=\"noopener\">the popularity of Islamophobia<\/a> and the broadcast televised performances of far-right politicians. In effect, the relative newcomer to politics, Norbert Hofer, fits this phenomenon of \u2018Haiderisation\u2019 and he does so despite his physical disability of limping.<\/p>\n\n\n\n<p>Whereas skin heads or street fighting fascists are associated with working class lads, the new pity bourgeois class of far-right politicians looks similar to any other politician we might know from public debates. However, the message of charming and <em>fesch <\/em>far-right leaders, such as Hofer, Strache or others in other countries, is clear: it&#8217;s back to the \u2018imaginary\u2019 past; back to territorial notions of belonging, a conservative \u2013 sexist gender regime, and after all, <em>not<\/em> walking together with non-natives in multicultural and intercultural understanding and solidarity towards the future.<\/p>\n\n\n\n<p>But is there a distinctively post-modern flavour to the contemporary far-right \u2018charming\u2019 leadership, male or female such as Le Pen in France, Kj\u00e6rsgaard in Denmark (DF) or Jensen in Norway (FrP)? <a href=\"http:\/\/www.nzz.ch\/meinung\/debatte\/saturiertheit-und-mangel-an-empathie-1.18454928\" target=\"_blank\" rel=\"noopener\">Marko Martin<\/a> argues that the US American sociologist, Christopher Lasch, with his work on Narcissism might give us hints to interpret more accurately the contemporary phenomenon of far-right populism. According to Lasch (1979) <em>pathological narcissism<\/em> stretches into a version of normality, which might be akin to radical political movements. It might be a shrewd combination of white superiority, middle class sense of entitlement and neurotic egocentrism that triggers the amnesia of the totalitarian past by answering with <em>feschist<\/em> neo-fascism. Still it is not enough to see the \u2018wolf in sheep\u2019s clothing\u2019, we have to engage with the anxiety and fear of those individuals, who hail far-right populism; even if is an uncomfortable job for the more<a href=\"http:\/\/www.spiked-online.com\/spiked-review\/article\/migrants-racists-and-the-left\/18395#.V0nKpb6YJMK\" target=\"_blank\" rel=\"noopener\"> educated middle class to do<\/a>.<\/p>\n\n\n\n<ol class=\"wp-block-list\">\n<li>Currently, Ulrike Vieten&nbsp;is working on a co-edited special issue (together with Scott Poynting, University of Auckland in New Zealand) called \u2018The recent rise of far right racist populism: repercussions with the fascist early 20<sup>th<\/sup> century?\u2019 The issue is forthcoming with the <em>Journal for Intercultural Studies, <\/em>end of 2016.<\/li>\n<\/ol>\n\n\n\n<p><em>The <\/em><a href=\"https:\/\/commons.wikimedia.org\/wiki\/File:J%C3%B6rg_Haider_04-09-2008.jpg\" target=\"_blank\" rel=\"noopener\"><em>featured image<\/em><\/a><em> in this article&nbsp;of Jorg&nbsp;Haider&nbsp;has been used thanks to a <\/em><a href=\"https:\/\/creativecommons.org\/licenses\/by-nd\/2.0\/\" target=\"_blank\" rel=\"noopener\"><em>Creative Commons licence<\/em><\/a><em>.<\/em><\/p>\n","protected":false},"excerpt":{"rendered":"<p>In the wake of the recent presidential election in Austria, Dr Ulrike Vieten reflects on the growing normalisation of pop-populist far-right parties across Europe. <\/p>\n","protected":false},"author":2418,"featured_media":1462,"comment_status":"open","ping_status":"open","sticky":false,"template":"","format":"standard","meta":{"_acf_changed":true,"_jetpack_memberships_contains_paid_content":false,"footnotes":""},"categories":[41],"tags":[387,23,388,389,390,391,392],"class_list":["post-1453","post","type-post","status-publish","format-standard","has-post-thumbnail","hentry","category-europe","tag-austria","tag-election","tag-far-right","tag-haider","tag-hofer","tag-presidency","tag-van-der-bellen"],"mb":[],"acf":{"authors":{"simple_value_formatted":"<ul><li><a class=\"post-link\" href=\"https:\/\/blogs.qub.ac.uk\/qpol\/authors\/ulrike-m-vieten\/\" rel=\"bookmark\">Ulrike M Vieten<\/a><\/li><\/ul>","value_formatted":[9281],"value":["9281"],"field":{"ID":9774,"key":"field_66d0cbf58f930","label":"Authors","name":"authors","aria-label":"","prefix":"acf","type":"relationship","value":null,"menu_order":1,"instructions":"","required":0,"id":"","class":"","conditional_logic":0,"parent":9772,"wrapper":{"width":"","class":"","id":""},"post_type":["authors"],"post_status":["publish"],"taxonomy":"","filters":["search"],"return_format":"id","min":0,"max":10,"allow_in_bindings":0,"elements":["featured_image"],"bidirectional":0,"bidirectional_target":[],"_name":"authors","_valid":1}},"description":{"simple_value_formatted":"","value_formatted":"","value":"","field":{"ID":9776,"key":"field_66d2183027749","label":"Description","name":"description","aria-label":"","prefix":"acf","type":"wysiwyg","value":null,"menu_order":3,"instructions":"","required":0,"id":"","class":"","conditional_logic":0,"parent":9772,"wrapper":{"width":"","class":"","id":""},"default_value":"","allow_in_bindings":0,"tabs":"all","toolbar":"basic","media_upload":0,"delay":1,"_name":"description","_valid":1}}},"jetpack_featured_media_url":"https:\/\/blogs.qub.ac.uk\/qpol\/wp-content\/uploads\/sites\/76\/2016\/05\/JOrg-Haider.jpg","jetpack_sharing_enabled":true,"amp_enabled":true,"mfb_rest_fields":["title","jetpack_featured_media_url","jetpack_sharing_enabled","amp_enabled"],"_links":{"self":[{"href":"https:\/\/blogs.qub.ac.uk\/qpol\/wp-json\/wp\/v2\/posts\/1453","targetHints":{"allow":["GET"]}}],"collection":[{"href":"https:\/\/blogs.qub.ac.uk\/qpol\/wp-json\/wp\/v2\/posts"}],"about":[{"href":"https:\/\/blogs.qub.ac.uk\/qpol\/wp-json\/wp\/v2\/types\/post"}],"author":[{"embeddable":true,"href":"https:\/\/blogs.qub.ac.uk\/qpol\/wp-json\/wp\/v2\/users\/2418"}],"replies":[{"embeddable":true,"href":"https:\/\/blogs.qub.ac.uk\/qpol\/wp-json\/wp\/v2\/comments?post=1453"}],"version-history":[{"count":0,"href":"https:\/\/blogs.qub.ac.uk\/qpol\/wp-json\/wp\/v2\/posts\/1453\/revisions"}],"acf:post":[{"embeddable":true,"href":"https:\/\/blogs.qub.ac.uk\/qpol\/wp-json\/wp\/v2\/authors\/9281"}],"wp:featuredmedia":[{"embeddable":true,"href":"https:\/\/blogs.qub.ac.uk\/qpol\/wp-json\/wp\/v2\/media\/1462"}],"wp:attachment":[{"href":"https:\/\/blogs.qub.ac.uk\/qpol\/wp-json\/wp\/v2\/media?parent=1453"}],"wp:term":[{"taxonomy":"category","embeddable":true,"href":"https:\/\/blogs.qub.ac.uk\/qpol\/wp-json\/wp\/v2\/categories?post=1453"},{"taxonomy":"post_tag","embeddable":true,"href":"https:\/\/blogs.qub.ac.uk\/qpol\/wp-json\/wp\/v2\/tags?post=1453"}],"curies":[{"name":"wp","href":"https:\/\/api.w.org\/{rel}","templated":true}]}}