{"id":854,"date":"2024-02-26T12:54:32","date_gmt":"2024-02-26T12:54:32","guid":{"rendered":"https:\/\/blogs.qub.ac.uk\/lc\/?p=854"},"modified":"2024-02-26T14:28:21","modified_gmt":"2024-02-26T14:28:21","slug":"seachtain-na-gaeilge-2024","status":"publish","type":"post","link":"https:\/\/blogs.qub.ac.uk\/lc\/2024\/02\/26\/seachtain-na-gaeilge-2024\/","title":{"rendered":"Seachtain na Gaeilge 2024"},"content":{"rendered":"\n<h2 class=\"wp-block-heading\">Irish Language and Cultural Celebrations @Queen&#8217;s <br>Ceili\u00faradh Teanga agus Cult\u00fartha @<strong>Ollscoil na R\u00edona<\/strong><\/h2>\n\n\n\n<p>The Language Centre team are delighted to invite you to join us in celebrating SEACHTAIN NA GAEILGE 2024.\u00a0 All events below are open to all QUB students and staff and are <strong>free to attend<\/strong>.\u00a0 If you would like to attend any of these events, please do register so that we can monitor registration numbers.<\/p>\n\n\n\n<div class=\"wp-block-media-text is-stacked-on-mobile is-vertically-aligned-top\" style=\"grid-template-columns:35% auto\"><figure class=\"wp-block-media-text__media\"><img loading=\"lazy\" decoding=\"async\" width=\"286\" height=\"286\" src=\"https:\/\/blogs.qub.ac.uk\/lc\/wp-content\/uploads\/sites\/292\/2024\/02\/image.png\" alt=\"\" class=\"wp-image-855 size-full\" srcset=\"https:\/\/blogs.qub.ac.uk\/lc\/wp-content\/uploads\/sites\/12\/2024\/02\/image.png 286w, https:\/\/blogs.qub.ac.uk\/lc\/wp-content\/uploads\/sites\/12\/2024\/02\/image-150x150.png 150w\" sizes=\"auto, (max-width: 286px) 100vw, 286px\" \/><\/figure><div class=\"wp-block-media-text__content\">\n<p><strong>Tuesday 5<sup>th<\/sup> March: 12.30pm-1.30pm<\/strong> <\/p>\n\n\n\n<p>Our Tr\u00e1th na gCeist\/Quiz gets Seachtain na Gaeilge underway here at Queen\u2019s. Questions will be General Knowledge and will be asked as Gaeilge\/in Irish. Teams will be provided with an Irish speaker, if required. Places are limited, so please book early. <\/p>\n\n\n\n<div class=\"wp-block-buttons is-layout-flex wp-block-buttons-is-layout-flex\">\n<div class=\"wp-block-button\"><a class=\"wp-block-button__link wp-element-button\" href=\"https:\/\/outlook.office365.com\/owa\/calendar\/SeachtainnaGaeilge2024@qubstudentcloud.onmicrosoft.com\/bookings\/s\/4Vw_Ky65yUesPndD3Q5Wpg2\" target=\"_blank\" rel=\"noreferrer noopener\">Registration<\/a><\/div>\n<\/div>\n<\/div><\/div>\n\n\n\n<div class=\"wp-block-media-text is-stacked-on-mobile is-vertically-aligned-top\" style=\"grid-template-columns:35% auto\"><figure class=\"wp-block-media-text__media\"><img loading=\"lazy\" decoding=\"async\" width=\"208\" height=\"481\" src=\"https:\/\/blogs.qub.ac.uk\/lc\/wp-content\/uploads\/sites\/292\/2024\/02\/1708950465758.png\" alt=\"\" class=\"wp-image-858 size-full\" srcset=\"https:\/\/blogs.qub.ac.uk\/lc\/wp-content\/uploads\/sites\/12\/2024\/02\/1708950465758.png 208w, https:\/\/blogs.qub.ac.uk\/lc\/wp-content\/uploads\/sites\/12\/2024\/02\/1708950465758-130x300.png 130w\" sizes=\"auto, (max-width: 208px) 100vw, 208px\" \/><\/figure><div class=\"wp-block-media-text__content\">\n<p><strong>Wednesday 6<sup>th<\/sup> March: 10.00am<\/strong><br>Scoil an Droichid will celebrate Seachtain na Gaeilge with us, as they visit the QFT to enjoy the Irish Language version of \u2018<em>Puffin Rock And The New Friends\u2019<\/em>.<\/p>\n\n\n\n<p><\/p>\n\n\n\n<p><\/p>\n\n\n\n<p><\/p>\n\n\n\n<p><\/p>\n\n\n\n<p><strong>Wednesday 6<sup>th<\/sup> March: 2.30pm<\/strong><br>Acclaimed Irish Language film, <em>Tarrac<\/em>, comes to the QFT as part of Seachtain na Gaeilge 2024. This film is subtitled in English and is Rated 15. Seating is limited, so please book early.<\/p>\n\n\n\n<div class=\"wp-block-buttons is-layout-flex wp-block-buttons-is-layout-flex\">\n<div class=\"wp-block-button\"><a class=\"wp-block-button__link wp-element-button\" href=\"https:\/\/outlook.office365.com\/owa\/calendar\/SeachtainnaGaeilge2024@qubstudentcloud.onmicrosoft.com\/bookings\/s\/NMjMvAfhuEmz_EZ5BIq8NQ2\" target=\"_blank\" rel=\"noreferrer noopener\">Registration<\/a><\/div>\n<\/div>\n<\/div><\/div>\n\n\n\n<div class=\"wp-block-media-text is-stacked-on-mobile is-vertically-aligned-top\" style=\"grid-template-columns:35% auto\"><figure class=\"wp-block-media-text__media\"><img loading=\"lazy\" decoding=\"async\" width=\"322\" height=\"322\" src=\"https:\/\/blogs.qub.ac.uk\/lc\/wp-content\/uploads\/sites\/292\/2024\/02\/image-2.png\" alt=\"\" class=\"wp-image-859 size-full\" srcset=\"https:\/\/blogs.qub.ac.uk\/lc\/wp-content\/uploads\/sites\/12\/2024\/02\/image-2.png 322w, https:\/\/blogs.qub.ac.uk\/lc\/wp-content\/uploads\/sites\/12\/2024\/02\/image-2-300x300.png 300w, https:\/\/blogs.qub.ac.uk\/lc\/wp-content\/uploads\/sites\/12\/2024\/02\/image-2-150x150.png 150w\" sizes=\"auto, (max-width: 322px) 100vw, 322px\" \/><\/figure><div class=\"wp-block-media-text__content\">\n<p><strong>Thursday 7<sup>th<\/sup> March: 12.30pm-1.45pm<\/strong><br>Dr. Fionnt\u00e1n de Br\u00fan, Professor of Modern Irish in Maynooth University and Award-winning Creative Writer, guides us on a bilingual walk &amp; talk around Queen\u2019s and the surrounding area, exploring the history behind our local place names.<\/p>\n\n\n\n<div class=\"wp-block-buttons is-layout-flex wp-block-buttons-is-layout-flex\">\n<div class=\"wp-block-button\"><a class=\"wp-block-button__link wp-element-button\" href=\"https:\/\/outlook.office365.com\/owa\/calendar\/SeachtainnaGaeilge2024@qubstudentcloud.onmicrosoft.com\/bookings\/s\/eUTTFGLWUkaRRy2RYUBKcg2\" target=\"_blank\" rel=\"noreferrer noopener\">Registration<\/a><\/div>\n<\/div>\n<\/div><\/div>\n\n\n\n<div class=\"wp-block-media-text is-stacked-on-mobile is-vertically-aligned-top\" style=\"grid-template-columns:34% auto\"><figure class=\"wp-block-media-text__media\"><img loading=\"lazy\" decoding=\"async\" width=\"444\" height=\"476\" src=\"https:\/\/blogs.qub.ac.uk\/lc\/wp-content\/uploads\/sites\/292\/2024\/02\/image-3.png\" alt=\"\" class=\"wp-image-860 size-full\" srcset=\"https:\/\/blogs.qub.ac.uk\/lc\/wp-content\/uploads\/sites\/12\/2024\/02\/image-3.png 444w, https:\/\/blogs.qub.ac.uk\/lc\/wp-content\/uploads\/sites\/12\/2024\/02\/image-3-280x300.png 280w\" sizes=\"auto, (max-width: 444px) 100vw, 444px\" \/><\/figure><div class=\"wp-block-media-text__content\">\n<p><strong>Tuesday 12<sup>th<\/sup> March: 12.30pm-1.30pm<\/strong> <br>Yoga Instructor, Nuala N\u00ed Scoll\u00e1in, guides us through a Yoga class&#8230;in Irish! Suitable for all levels of Yoga and Irish! Very limited spaces.<\/p>\n\n\n\n<div class=\"wp-block-buttons is-layout-flex wp-block-buttons-is-layout-flex\">\n<div class=\"wp-block-button\"><a class=\"wp-block-button__link wp-element-button\" href=\"https:\/\/outlook.office365.com\/owa\/calendar\/SeachtainnaGaeilge2024@qubstudentcloud.onmicrosoft.com\/bookings\/s\/K25ymX1qIEmp7zCiY-jW5A2\" target=\"_blank\" rel=\"noreferrer noopener\">Registration<\/a><\/div>\n<\/div>\n<\/div><\/div>\n\n\n\n<div class=\"wp-block-media-text is-stacked-on-mobile is-vertically-aligned-top\" style=\"grid-template-columns:33% auto\"><figure class=\"wp-block-media-text__media\"><img loading=\"lazy\" decoding=\"async\" width=\"272\" height=\"247\" src=\"https:\/\/blogs.qub.ac.uk\/lc\/wp-content\/uploads\/sites\/292\/2024\/02\/image-4.png\" alt=\"\" class=\"wp-image-861 size-full\" \/><\/figure><div class=\"wp-block-media-text__content\">\n<p><strong>Wednesday 13<sup>th<\/sup> March: 1.00pm-2.00pm<\/strong> <br>We are teaming up with Queen&#8217;s Campus Run during University Wellbeing Week for a Run\/Walk\u2026in Irish! Get your steps and your \u2018c\u00fapla focal\u2019 in one go! Choose your own distance&#8230;and pace!<\/p>\n\n\n\n<div class=\"wp-block-buttons is-layout-flex wp-block-buttons-is-layout-flex\">\n<div class=\"wp-block-button\"><a class=\"wp-block-button__link wp-element-button\" href=\"https:\/\/outlook.office365.com\/owa\/calendar\/SeachtainnaGaeilge2024@qubstudentcloud.onmicrosoft.com\/bookings\/s\/fnFuUPWgwEaLaoXRpLVYzQ2\" target=\"_blank\" rel=\"noreferrer noopener\">Registration<\/a><\/div>\n<\/div>\n<\/div><\/div>\n\n\n\n<div class=\"wp-block-media-text is-stacked-on-mobile is-vertically-aligned-top\" style=\"grid-template-columns:33% auto\"><figure class=\"wp-block-media-text__media\"><img loading=\"lazy\" decoding=\"async\" width=\"448\" height=\"298\" src=\"https:\/\/blogs.qub.ac.uk\/lc\/wp-content\/uploads\/sites\/292\/2024\/02\/image-5.png\" alt=\"\" class=\"wp-image-862 size-full\" srcset=\"https:\/\/blogs.qub.ac.uk\/lc\/wp-content\/uploads\/sites\/12\/2024\/02\/image-5.png 448w, https:\/\/blogs.qub.ac.uk\/lc\/wp-content\/uploads\/sites\/12\/2024\/02\/image-5-300x200.png 300w\" sizes=\"auto, (max-width: 448px) 100vw, 448px\" \/><\/figure><div class=\"wp-block-media-text__content\">\n<p><strong>Thursday 14<sup>th<\/sup> March: All day (9.00am-4.00pm)<\/strong> \u2018Comhr\u00e1-thon\u2019 is a day-long conversation\u2026in Irish! We invite you to join us as we keep the conversation flowing throughout the day @Junction Caf\u00e9. <\/p>\n\n\n\n<p>\u2018Comhr\u00e1-thon\u2019 will conclude with our \u2018Ciorcal Comhr\u00e1\u2019, where we invite everyone for refreshments, music, and chat as Gaeilge\/in Irish!<\/p>\n\n\n\n<p><strong>Email <\/strong><a href=\"mailto:mark.harte@qub.ac.uk\" target=\"_blank\" rel=\"noreferrer noopener\"><strong>mark.harte@qub.ac.uk<\/strong><\/a><strong> with your preferred 30-minute slot and the names of those taking part.<\/strong><\/p>\n\n\n\n<div class=\"wp-block-buttons is-layout-flex wp-block-buttons-is-layout-flex\">\n<div class=\"wp-block-button\"><a class=\"wp-block-button__link wp-element-button\" href=\"https:\/\/outlook.office365.com\/owa\/calendar\/SeachtainnaGaeilge2024@qubstudentcloud.onmicrosoft.com\/bookings\/s\/9jtvu14R-ESCbhb62Qcn5Q2\" target=\"_blank\" rel=\"noreferrer noopener\">Registration<\/a><\/div>\n<\/div>\n<\/div><\/div>\n","protected":false},"excerpt":{"rendered":"<p>Irish Language and Cultural Celebrations @Queen&#8217;s Ceili\u00faradh Teanga agus Cult\u00fartha @Ollscoil na R\u00edona The Language Centre team are delighted to invite you to join us in celebrating SEACHTAIN NA GAEILGE 2024.\u00a0 All events below are open to all QUB students &hellip; <a href=\"https:\/\/blogs.qub.ac.uk\/lc\/2024\/02\/26\/seachtain-na-gaeilge-2024\/\">Continue reading <span class=\"meta-nav\">&rarr;<\/span><\/a><\/p>\n","protected":false},"author":63,"featured_media":0,"comment_status":"open","ping_status":"open","sticky":false,"template":"","format":"standard","meta":{"jetpack_post_was_ever_published":false,"_jetpack_newsletter_access":"","_jetpack_dont_email_post_to_subs":false,"_jetpack_newsletter_tier_id":0,"_jetpack_memberships_contains_paywalled_content":false,"_jetpack_memberships_contains_paid_content":false,"footnotes":""},"categories":[46,20,21,22,54],"tags":[12,36,23,24,109,53,34,72,108,107],"class_list":["post-854","post","type-post","status-publish","format-standard","hentry","category-cultural-awareness","category-culture","category-diversity-and-inclusion","category-festivals-and-celebrations","category-irish-language","tag-cultural-awareness","tag-cultural-diversity","tag-diversity-inclusion","tag-festivals-and-celebrations","tag-gaeilge","tag-irish-language","tag-linguistic-diversity","tag-lovequb","tag-snag","tag-snag24"],"jetpack_featured_media_url":"","jetpack_sharing_enabled":true,"_links":{"self":[{"href":"https:\/\/blogs.qub.ac.uk\/lc\/wp-json\/wp\/v2\/posts\/854","targetHints":{"allow":["GET"]}}],"collection":[{"href":"https:\/\/blogs.qub.ac.uk\/lc\/wp-json\/wp\/v2\/posts"}],"about":[{"href":"https:\/\/blogs.qub.ac.uk\/lc\/wp-json\/wp\/v2\/types\/post"}],"author":[{"embeddable":true,"href":"https:\/\/blogs.qub.ac.uk\/lc\/wp-json\/wp\/v2\/users\/63"}],"replies":[{"embeddable":true,"href":"https:\/\/blogs.qub.ac.uk\/lc\/wp-json\/wp\/v2\/comments?post=854"}],"version-history":[{"count":6,"href":"https:\/\/blogs.qub.ac.uk\/lc\/wp-json\/wp\/v2\/posts\/854\/revisions"}],"predecessor-version":[{"id":868,"href":"https:\/\/blogs.qub.ac.uk\/lc\/wp-json\/wp\/v2\/posts\/854\/revisions\/868"}],"wp:attachment":[{"href":"https:\/\/blogs.qub.ac.uk\/lc\/wp-json\/wp\/v2\/media?parent=854"}],"wp:term":[{"taxonomy":"category","embeddable":true,"href":"https:\/\/blogs.qub.ac.uk\/lc\/wp-json\/wp\/v2\/categories?post=854"},{"taxonomy":"post_tag","embeddable":true,"href":"https:\/\/blogs.qub.ac.uk\/lc\/wp-json\/wp\/v2\/tags?post=854"}],"curies":[{"name":"wp","href":"https:\/\/api.w.org\/{rel}","templated":true}]}}