{"id":1659,"date":"2026-03-20T18:14:32","date_gmt":"2026-03-20T18:14:32","guid":{"rendered":"https:\/\/blogs.qub.ac.uk\/lc\/?p=1659"},"modified":"2026-03-20T18:14:32","modified_gmt":"2026-03-20T18:14:32","slug":"celebrating-un-french-language-day","status":"publish","type":"post","link":"https:\/\/blogs.qub.ac.uk\/lc\/2026\/03\/20\/celebrating-un-french-language-day\/","title":{"rendered":"Celebrating UN French Language Day"},"content":{"rendered":"\n<p><strong>Bonjour! Did you know today, the 20th March, is the UN French Language Day? Joyeuse journ\u00e9e de la langue Fran<em>\u00e7aise !<\/em><\/strong><\/p>\n\n\n\n<p>On this special day, we invited No\u00e9 Cherel, a French student studying archaeology at Queen&#8217;s, to share his thoughts.<\/p>\n\n\n\n<div class=\"wp-block-media-text is-stacked-on-mobile\" style=\"grid-template-columns:54% auto\"><figure class=\"wp-block-media-text__media\"><img loading=\"lazy\" decoding=\"async\" width=\"1024\" height=\"1024\" src=\"https:\/\/blogs.qub.ac.uk\/lc\/wp-content\/uploads\/sites\/12\/2026\/03\/UN-French-Language-Day-2026-1024x1024.jpg\" alt=\"\" class=\"wp-image-1661 size-full\" srcset=\"https:\/\/blogs.qub.ac.uk\/lc\/wp-content\/uploads\/sites\/12\/2026\/03\/UN-French-Language-Day-2026-1024x1024.jpg 1024w, https:\/\/blogs.qub.ac.uk\/lc\/wp-content\/uploads\/sites\/12\/2026\/03\/UN-French-Language-Day-2026-300x300.jpg 300w, https:\/\/blogs.qub.ac.uk\/lc\/wp-content\/uploads\/sites\/12\/2026\/03\/UN-French-Language-Day-2026-150x150.jpg 150w, https:\/\/blogs.qub.ac.uk\/lc\/wp-content\/uploads\/sites\/12\/2026\/03\/UN-French-Language-Day-2026-768x768.jpg 768w, https:\/\/blogs.qub.ac.uk\/lc\/wp-content\/uploads\/sites\/12\/2026\/03\/UN-French-Language-Day-2026.jpg 1080w\" sizes=\"auto, (max-width: 1024px) 100vw, 1024px\" \/><\/figure><div class=\"wp-block-media-text__content\">\n<blockquote class=\"wp-block-quote is-layout-flow wp-block-quote-is-layout-flow\">\n<p>&#8220;I grew up in the countryside in Burgundy, a peaceful and charming region. My childhood was shaped by nature, small villages, and local traditions. Living in the countryside taught me to appreciate simplicity and authenticity.&#8221;<\/p>\n<\/blockquote>\n<\/div><\/div>\n\n\n\n<p>No\u00e9 recently joined the Tandem Language Exchange programme and is looking for French-Chinese language partnership. Any Chineses-speaking students who are interested in learning French are more than welcome to join the <a href=\"https:\/\/blogs.qub.ac.uk\/lc\/learning-support\/tle\/\" data-type=\"page\" data-id=\"335\">TLE programme<\/a> and partner with No\u00e9.<\/p>\n\n\n\n<p><strong>Learning a Language at Queen&#8217;s<\/strong><\/p>\n\n\n\n<p>To learn French (or the other languages) with us Language Centre, please scan the QR code or click the button and sign up for the classes which will commence week beginning Monday 20 April 2026.<\/p>\n\n\n\n<figure class=\"wp-block-image size-large\"><img loading=\"lazy\" decoding=\"async\" width=\"1024\" height=\"1024\" src=\"https:\/\/blogs.qub.ac.uk\/lc\/wp-content\/uploads\/sites\/12\/2026\/03\/UN-French-Language-Day-2026-1-1024x1024.jpg\" alt=\"\" class=\"wp-image-1662\" srcset=\"https:\/\/blogs.qub.ac.uk\/lc\/wp-content\/uploads\/sites\/12\/2026\/03\/UN-French-Language-Day-2026-1-1024x1024.jpg 1024w, https:\/\/blogs.qub.ac.uk\/lc\/wp-content\/uploads\/sites\/12\/2026\/03\/UN-French-Language-Day-2026-1-300x300.jpg 300w, https:\/\/blogs.qub.ac.uk\/lc\/wp-content\/uploads\/sites\/12\/2026\/03\/UN-French-Language-Day-2026-1-150x150.jpg 150w, https:\/\/blogs.qub.ac.uk\/lc\/wp-content\/uploads\/sites\/12\/2026\/03\/UN-French-Language-Day-2026-1-768x768.jpg 768w, https:\/\/blogs.qub.ac.uk\/lc\/wp-content\/uploads\/sites\/12\/2026\/03\/UN-French-Language-Day-2026-1.jpg 1080w\" sizes=\"auto, (max-width: 1024px) 100vw, 1024px\" \/><\/figure>\n\n\n\n<div class=\"wp-block-buttons is-layout-flex wp-block-buttons-is-layout-flex\">\n<div class=\"wp-block-button\"><a class=\"wp-block-button__link wp-element-button\" href=\"https:\/\/www.qub.ac.uk\/directorates\/InformationServices\/LanguageCentre\/SpringCourseRegistrationApril2026\/\" target=\"_blank\" rel=\"noreferrer noopener\">April 2026 LC Enrolment<\/a><\/div>\n<\/div>\n\n\n\n<p><\/p>\n","protected":false},"excerpt":{"rendered":"<p>Bonjour! Did you know today, the 20th March, is the UN French Language Day? Joyeuse journ\u00e9e de la langue Fran\u00e7aise ! On this special day, we invited No\u00e9 Cherel, a French student studying archaeology at Queen&#8217;s, to share his thoughts. &hellip; <a href=\"https:\/\/blogs.qub.ac.uk\/lc\/2026\/03\/20\/celebrating-un-french-language-day\/\">Continue reading <span class=\"meta-nav\">&rarr;<\/span><\/a><\/p>\n","protected":false},"author":63,"featured_media":0,"comment_status":"open","ping_status":"open","sticky":false,"template":"","format":"standard","meta":{"jetpack_post_was_ever_published":false,"_jetpack_newsletter_access":"","_jetpack_dont_email_post_to_subs":false,"_jetpack_newsletter_tier_id":0,"_jetpack_memberships_contains_paywalled_content":false,"_jetpack_memberships_contains_paid_content":false,"footnotes":""},"categories":[46,20,22,119,9,64,65,63,118],"tags":[24,13,34,72,66,90],"class_list":["post-1659","post","type-post","status-publish","format-standard","hentry","category-cultural-awareness","category-culture","category-festivals-and-celebrations","category-international-students","category-language-courses","category-language-courses-languages","category-language-exchange","category-languages","category-student-support","tag-festivals-and-celebrations","tag-language-courses","tag-linguistic-diversity","tag-lovequb","tag-tandem-language-exchange","tag-un-french-language-day"],"jetpack_featured_media_url":"","jetpack_sharing_enabled":true,"_links":{"self":[{"href":"https:\/\/blogs.qub.ac.uk\/lc\/wp-json\/wp\/v2\/posts\/1659","targetHints":{"allow":["GET"]}}],"collection":[{"href":"https:\/\/blogs.qub.ac.uk\/lc\/wp-json\/wp\/v2\/posts"}],"about":[{"href":"https:\/\/blogs.qub.ac.uk\/lc\/wp-json\/wp\/v2\/types\/post"}],"author":[{"embeddable":true,"href":"https:\/\/blogs.qub.ac.uk\/lc\/wp-json\/wp\/v2\/users\/63"}],"replies":[{"embeddable":true,"href":"https:\/\/blogs.qub.ac.uk\/lc\/wp-json\/wp\/v2\/comments?post=1659"}],"version-history":[{"count":1,"href":"https:\/\/blogs.qub.ac.uk\/lc\/wp-json\/wp\/v2\/posts\/1659\/revisions"}],"predecessor-version":[{"id":1663,"href":"https:\/\/blogs.qub.ac.uk\/lc\/wp-json\/wp\/v2\/posts\/1659\/revisions\/1663"}],"wp:attachment":[{"href":"https:\/\/blogs.qub.ac.uk\/lc\/wp-json\/wp\/v2\/media?parent=1659"}],"wp:term":[{"taxonomy":"category","embeddable":true,"href":"https:\/\/blogs.qub.ac.uk\/lc\/wp-json\/wp\/v2\/categories?post=1659"},{"taxonomy":"post_tag","embeddable":true,"href":"https:\/\/blogs.qub.ac.uk\/lc\/wp-json\/wp\/v2\/tags?post=1659"}],"curies":[{"name":"wp","href":"https:\/\/api.w.org\/{rel}","templated":true}]}}