{"id":802,"date":"2020-11-03T12:40:13","date_gmt":"2020-11-03T12:40:13","guid":{"rendered":"https:\/\/blogs.qub.ac.uk\/happ\/?p=802"},"modified":"2020-11-03T12:40:13","modified_gmt":"2020-11-03T12:40:13","slug":"portrait-of-a-gentleman-on-reading-in-reading-week","status":"publish","type":"post","link":"https:\/\/blogs.qub.ac.uk\/happ\/2020\/11\/03\/portrait-of-a-gentleman-on-reading-in-reading-week\/","title":{"rendered":"Portrait of a Gentleman: On Reading in Reading Week"},"content":{"rendered":"\n<figure class=\"wp-block-image size-large\"><img loading=\"lazy\" decoding=\"async\" width=\"1024\" height=\"704\" src=\"https:\/\/blogs.qub.ac.uk\/happ\/wp-content\/uploads\/sites\/40\/2020\/11\/Maruska-photo-one-2-1024x704.jpg\" alt=\"\" class=\"wp-image-805\" srcset=\"https:\/\/blogs.qub.ac.uk\/happ\/wp-content\/uploads\/sites\/40\/2020\/11\/Maruska-photo-one-2-1024x704.jpg 1024w, https:\/\/blogs.qub.ac.uk\/happ\/wp-content\/uploads\/sites\/40\/2020\/11\/Maruska-photo-one-2-300x206.jpg 300w, https:\/\/blogs.qub.ac.uk\/happ\/wp-content\/uploads\/sites\/40\/2020\/11\/Maruska-photo-one-2-768x528.jpg 768w, https:\/\/blogs.qub.ac.uk\/happ\/wp-content\/uploads\/sites\/40\/2020\/11\/Maruska-photo-one-2-1200x825.jpg 1200w, https:\/\/blogs.qub.ac.uk\/happ\/wp-content\/uploads\/sites\/40\/2020\/11\/Maruska-photo-one-2.jpg 1471w\" sizes=\"auto, (max-width: 1024px) 100vw, 1024px\" \/><\/figure>\n\n\n\n<div class=\"wp-block-group has-background\" style=\"background-color:#ffffff\"><div class=\"wp-block-group__inner-container is-layout-flow wp-block-group-is-layout-flow\">\n<div class=\"wp-block-group has-background\" style=\"background-color:#ffffff\"><div class=\"wp-block-group__inner-container is-layout-flow wp-block-group-is-layout-flow\">\n<p>The delight of stepping into a warm bath after a long, busy day. A sense of intense relaxation. Do all migrants feel like that when they open a book written in their own language? Words and phrases so familiar, echoes of childhood: \u2018kloddertjes\u2019, \u2018klontjes\u2019, \u2018een spookachtig moment\u2019.<\/p>\n\n\n\n<p>I hardly ever read Dutch literature these days, but find <em>Portret van een heer<\/em> (Portrait of a Gentleman), hidden behind another book on a top shelf in my office at home. Forgotten, dusty, waiting to be read. I grab it and study its design. The back cover presents a black-and-white picture of the author Tommy Wieringa. He looks over his left shoulder into the distance, a waterscape behind him. When I stretch the book far open, his painted likeness on the front cover stares at his photographed self. &nbsp;<\/p>\n\n\n\n<p>But wait a minute, I recognise the style of the portrait. I\u2019m sure, it must be by the Austrian artist Egon Schiele. I recently explored his life history when writing a chapter on a museum in \u010cesk\u00fd Krumlov, the Egon Schiele Art Centrum, (Sva\u0161ek 2019). I remember reading that Schiele died in 1918 of the Spanish Flu. As the Coronavirus pandemic was still ahead of us, I did not pay much attention to the cause of his death. But one thing is clear: the person depicted in the painting is not Tommy Wieringa, who is Dutch and was born in 1967.<\/p>\n\n\n\n<p>Curious, I open the book and soon discover that the uncanny resemblance of writer and painter is the main focus of the first story. In the story, Wieringa recalls how he first learnt about the portrait when a friend, who had seen it displayed in Museum Belvedere in Vienna, sent him a postcard of the work, describing his encounter with an Austrian \u2018Wieringa\u2019 as \u2018beangstigend\u2019 (frightening). The author himself was also shocked, seeing his mirror image. \u2018Zelfs het puntje op zijn schedel was identiek!\u2019 (even the pointed shape of his skull was identical).<\/p>\n\n\n\n<p>In the rest of the story, the Dutch author writes about his journey to Austria and the Czech Republic, in search for the man in the portrait. The model turns out to be Victor Ritter von Bauer, a once wealthy landowner who was born in 1876 and inherited many acres of land and a lucrative sugar refinery from his ancestors. He was an energetic aristocrat, one of the first Austrians to fly a plane and a keen traveller who wrote about his travels to the Pacific in Eine Reise auf der Insel Sawaii. After the break-up of the Habsburg Empire in 1918, he lost most of his properties due to land reforms and Masaryk\u2019s nationalisation policy. He died in 1939 and was buried in the chapel near Kun\u00edn Palace, an impressive eighteenth century baroque building still in his ownership at the time of his death.<\/p>\n\n\n\n<p>In Portret van een heer, Wieringa visits the Palace, today a museum. Tellingly, he is welcomed by a soft-spoken caretaker who, in awe of Wieringa\u2019s familiar physique, welcomes him with the solemn words: \u2018the lord of the castle has returned\u2019.<\/p>\n\n\n\n<p>Unable to travel to the Czech Republic, I find Kun\u00edn Palace after I\u2019ve landed the tiny dangling Google figure on the digital map. I do this a lot, these days of lockdown, grabbing the little person by her collar and dropping her to either start an adventure, or investigate some local details for my research. So, I\u2019m in &#8211; a few virtual steps, and there it is. Indeed impressive.<\/p>\n\n\n\n<figure class=\"wp-block-image size-large\"><img loading=\"lazy\" decoding=\"async\" width=\"1024\" height=\"579\" src=\"https:\/\/blogs.qub.ac.uk\/happ\/wp-content\/uploads\/sites\/40\/2020\/11\/Maruska-photo-two-2-1024x579.jpg\" alt=\"\" class=\"wp-image-810\" srcset=\"https:\/\/blogs.qub.ac.uk\/happ\/wp-content\/uploads\/sites\/40\/2020\/11\/Maruska-photo-two-2-1024x579.jpg 1024w, https:\/\/blogs.qub.ac.uk\/happ\/wp-content\/uploads\/sites\/40\/2020\/11\/Maruska-photo-two-2-300x170.jpg 300w, https:\/\/blogs.qub.ac.uk\/happ\/wp-content\/uploads\/sites\/40\/2020\/11\/Maruska-photo-two-2-768x434.jpg 768w, https:\/\/blogs.qub.ac.uk\/happ\/wp-content\/uploads\/sites\/40\/2020\/11\/Maruska-photo-two-2-1200x679.jpg 1200w, https:\/\/blogs.qub.ac.uk\/happ\/wp-content\/uploads\/sites\/40\/2020\/11\/Maruska-photo-two-2.jpg 1264w\" sizes=\"auto, (max-width: 1024px) 100vw, 1024px\" \/><\/figure>\n\n\n\n<p>I also visit the Palace\u2019s <a href=\"https:\/\/www.muzeumnj.cz\/zamek-kunin\/zivot-na-zamku\/majitele-zamku\/victor-rytir-bauer-z-rohrfelden\/\">website<\/a>, and read about its history, it was built in Habsburg times. This reminds me of that pile of research materials in the corner of my office: numerous books and copies of nineteen-century newspapers that I made in historical archives in Prague last year. One of the newspapers is <em>N\u00e1rodn\u00ed Listy<\/em>, a Czech nationalist daily newspaper that propagated Czech cultural revival. One is from 1 July 1912, and reports the unveiling of a monument in Prague, a huge statue of the historian and political thinker Franti\u0161ek Palack\u00fd. Palack\u00fd\u2019s vision of Czech nationhood inspired generations of nineteenth and twentieth century artists and intellectuals. He is often called \u2018the father of the nation\u2019.<\/p>\n\n\n\n<p>I wonder what Victor Ritter von Bauer would have thought about Palack\u00fd\u2019s revolutionary ideas. In Portret van een Heer, I read that toward the end of his life, von Bauer gave lectures in Vienna, London and Paris about history and politics, and published Zentraleuropa: Ein lebendiger Organismus in 1936. In the book, he reflects on the cultural histories of Central European nations, and the title refers to the region as \u2018a lively organism\u2019. I should try to get my hands on the book.<\/p>\n\n\n\n<p>So here we go, unexpectedly the Dutch travel story has taken me back to work, just when Reading week ends.&nbsp; &nbsp;<\/p>\n<\/div><\/div>\n<\/div><\/div>\n","protected":false},"excerpt":{"rendered":"<p>The delight of stepping into a warm bath after a long, busy day. A sense of intense relaxation. Do all migrants feel like that when they open a book written in their own language? Words and phrases so familiar, echoes of childhood: \u2018kloddertjes\u2019, \u2018klontjes\u2019, \u2018een spookachtig moment\u2019. I hardly ever read Dutch literature these days, [&hellip;]<\/p>\n","protected":false},"author":762,"featured_media":0,"comment_status":"open","ping_status":"open","sticky":false,"template":"","format":"standard","meta":{"_jetpack_memberships_contains_paid_content":false,"footnotes":""},"categories":[20],"tags":[],"class_list":["post-802","post","type-post","status-publish","format-standard","hentry","category-reading-week"],"jetpack_featured_media_url":"","jetpack_sharing_enabled":true,"_links":{"self":[{"href":"https:\/\/blogs.qub.ac.uk\/happ\/wp-json\/wp\/v2\/posts\/802","targetHints":{"allow":["GET"]}}],"collection":[{"href":"https:\/\/blogs.qub.ac.uk\/happ\/wp-json\/wp\/v2\/posts"}],"about":[{"href":"https:\/\/blogs.qub.ac.uk\/happ\/wp-json\/wp\/v2\/types\/post"}],"author":[{"embeddable":true,"href":"https:\/\/blogs.qub.ac.uk\/happ\/wp-json\/wp\/v2\/users\/762"}],"replies":[{"embeddable":true,"href":"https:\/\/blogs.qub.ac.uk\/happ\/wp-json\/wp\/v2\/comments?post=802"}],"version-history":[{"count":4,"href":"https:\/\/blogs.qub.ac.uk\/happ\/wp-json\/wp\/v2\/posts\/802\/revisions"}],"predecessor-version":[{"id":812,"href":"https:\/\/blogs.qub.ac.uk\/happ\/wp-json\/wp\/v2\/posts\/802\/revisions\/812"}],"wp:attachment":[{"href":"https:\/\/blogs.qub.ac.uk\/happ\/wp-json\/wp\/v2\/media?parent=802"}],"wp:term":[{"taxonomy":"category","embeddable":true,"href":"https:\/\/blogs.qub.ac.uk\/happ\/wp-json\/wp\/v2\/categories?post=802"},{"taxonomy":"post_tag","embeddable":true,"href":"https:\/\/blogs.qub.ac.uk\/happ\/wp-json\/wp\/v2\/tags?post=802"}],"curies":[{"name":"wp","href":"https:\/\/api.w.org\/{rel}","templated":true}]}}