{"id":433,"date":"2025-02-20T16:50:23","date_gmt":"2025-02-20T16:50:23","guid":{"rendered":"https:\/\/blogs.qub.ac.uk\/cdrgmodlangsqub\/?p=433"},"modified":"2025-02-20T17:02:59","modified_gmt":"2025-02-20T17:02:59","slug":"french-studies-and-the-medical-humanities-critical-intersectionalities-travel-bursary-write-up","status":"publish","type":"post","link":"https:\/\/blogs.qub.ac.uk\/cdrgmodlangsqub\/2025\/02\/20\/french-studies-and-the-medical-humanities-critical-intersectionalities-travel-bursary-write-up\/","title":{"rendered":"French Studies and the Medical Humanities: Critical Intersectionalities (Travel Bursary write-up)\u00a0"},"content":{"rendered":"\n<p><strong>This post, published in 2024-2025, is part of our <\/strong><a href=\"https:\/\/blogs.qub.ac.uk\/cdrgmodlangsqub\/research-initiation-scheme\/\" target=\"_blank\" rel=\"noreferrer noopener\"><strong>Research Initiation Scheme<\/strong><\/a><strong> for 2023-2024.<\/strong>\u00a0<\/p>\n\n\n\n<p>The conference \u201c<a href=\"https:\/\/ilcs.sas.ac.uk\/events\/french-studies-and-medical-humanities-critical-intersectionalities-0\">French Studies and the Medical Humanities: Critical Intersectionalities<\/a>\u201d took place at the University of London\u2019s Institute of Languages, Cultures, and Societies on the 3<sup>rd<\/sup> and 4<sup>th<\/sup> of September, 2024. I was fortunate to be able to attend with the support of a Modern Languages MRes Travel Bursary from the Modern Languages Core Disciplinary Research Group.&nbsp;<\/p>\n\n\n\n<p>As part of a strategic effort to de-centre anglophone perspectives and broaden the linguistic horizons of the field, the conference sought to highlight the importance of linguistic and cultural sensitivity in ongoing conversations about medical experiences. Paper topics included critical disability studies, environmental anxiety, bibliotherapy, and narrative medicine.&nbsp;&nbsp;<\/p>\n\n\n\n<p>In her paper titled \u201cL\u2019affaire Anne Bert: Assisted dying between law and literature\u201d, keynote speaker Anna Elsner (University of St Gallen) discussed how individual narratives are co-opted by politicians and governments to shape the lawmaking process. She highlighted the example of Anne Bert, a former court-appointed legal guardian who became a writer later in life. After being diagnosed with ALS (amyotrophic lateral sclerosis) in 2015, she publicly campaigned for changes in France\u2019s legislation surrounding assisted dying, before travelling to Belgium to seek an assisted death in 2017. This decision was subject to widespread debate in the French media and parliament. Elsner\u2019s paper encouraged attendees to de-centre their own perspectives and allow both the medical humanities and French studies to enrich each other through their mutual engagement.&nbsp;<\/p>\n\n\n<div class=\"wp-block-image\">\n<figure class=\"alignright size-medium\"><img loading=\"lazy\" decoding=\"async\" width=\"226\" height=\"300\" src=\"https:\/\/blogs.qub.ac.uk\/cdrgmodlangsqub\/wp-content\/uploads\/sites\/20\/2025\/02\/la-permanence-poster-226x300.jpg\" alt=\"\" class=\"wp-image-434\" srcset=\"https:\/\/blogs.qub.ac.uk\/cdrgmodlangsqub\/wp-content\/uploads\/sites\/20\/2025\/02\/la-permanence-poster-226x300.jpg 226w, https:\/\/blogs.qub.ac.uk\/cdrgmodlangsqub\/wp-content\/uploads\/sites\/20\/2025\/02\/la-permanence-poster-771x1024.jpg 771w, https:\/\/blogs.qub.ac.uk\/cdrgmodlangsqub\/wp-content\/uploads\/sites\/20\/2025\/02\/la-permanence-poster-768x1021.jpg 768w, https:\/\/blogs.qub.ac.uk\/cdrgmodlangsqub\/wp-content\/uploads\/sites\/20\/2025\/02\/la-permanence-poster-624x829.jpg 624w, https:\/\/blogs.qub.ac.uk\/cdrgmodlangsqub\/wp-content\/uploads\/sites\/20\/2025\/02\/la-permanence-poster.jpg 1000w\" sizes=\"auto, (max-width: 226px) 100vw, 226px\" \/><figcaption class=\"wp-element-caption\">Poster for <em>La Permanence<\/em><\/figcaption><\/figure>\n<\/div>\n\n\n<p>Of particular interest to my own project was a panel titled \u201cDisability and Clinical Environments\u201d. In her paper on disability in the works of Samuel Beckett, Molly Crozier (University of St Andrews) discussed the networks of care that exist outside of traditional medical settings and the intimacy involved in caring relationships, especially in light of the capacity of interpersonal relationships to cause more harm than good. \u00c1ine Larkin (Maynooth University) then analysed how the documentary <em>La Permanence <\/em>by Alice Diop centres the patient and their subjectivity in its depiction of the clinical encounter, and how it positions <em>vuln\u00e9rabilit\u00e9<\/em> (vulnerability) alongside the French values of <em>libert\u00e9, \u00e9galit\u00e9, fraternit\u00e9 <\/em>(freedom, equality, fraternity)<em>. <\/em>These papers helped me think about the caring relationships depicted in my own corpus texts, and pointed to useful sources that helped me shape the conclusion of my MRes dissertation.&nbsp;<\/p>\n\n\n\n<!--more-->\n\n\n\n<p>In a separate panel titled \u201cTransforming Medical Practice through Literature and Philosophy\u201d, Amy Wiglesworth and Pat Day (Sheffield Hallam University) shared their plans to study the effectiveness of French fiction in translation as a bibliotherapeutic tool for work-related depression. Because bibliotherapy encourages readers to recognise themselves in the characters from a story, specific texts could be chosen to promote autonomy and empowerment for the patient. This talk helped me think about how my corpus texts could help educate people who are curious about autism and empower autistic people to develop better self-esteem and seek the support they need.&nbsp;<\/p>\n\n\n\n<p>The conference ended with a postgraduate\/ECR methods workshop sponsored by ASMCF (Association for the Study of Modern and Contemporary France) and led by Benjamin Dalton (Lancaster University). It provided a space to discuss some of the challenges we face as researchers in French studies and the medical humanities, and was a fantastic networking opportunity. Overall, the conference was a wonderful way to meet researchers working in a similar field to myself, and it allowed me to make new and interesting connections that I otherwise would not have. By encouraging me to think about the landscape of French medical humanities, it shaped the conclusion of my MRes dissertation and will be vital to shaping the beginning of my PhD research.&nbsp;<\/p>\n\n\n\n<p><strong>Report by Emily Monroe, PhD student in French (at the time of attending the conference, Emily was an MRes student in French)<\/strong>&nbsp;<\/p>\n\n\n\n<p><strong>Editor&#8217;s note 1: <\/strong>The aim of the Modern Languages MRes Travel Bursaries is to support current MRes students in Modern Languages in undertaking travel to further their dissertation research. Funding for the scheme is provided by the QUB Vice-Chancellor\u2019s Research Culture Prize, won by the Modern Languages Core Disciplinary Research Group in 2018.&nbsp;&nbsp;<\/p>\n\n\n\n<p><strong>Editor\u2019s note 2:<\/strong>&nbsp;The title of Emily\u2019s MRes dissertation was \u2018D\u2019un monde \u00e0 l\u2019autre: Representing autism in contemporary French literature\u2019. She is now working on a PhD in French at Queen\u2019s with the working title of \u2018The writer as advocate in contemporary French literature on autism\u2019. The project will examine how authors are influenced by and respond to political discourses and legal developments concerning autism.&nbsp;<\/p>\n","protected":false},"excerpt":{"rendered":"<p>This post, published in 2024-2025, is part of our Research Initiation Scheme for 2023-2024.\u00a0 The conference \u201cFrench Studies and the Medical Humanities: Critical Intersectionalities\u201d took place at the University of London\u2019s Institute of Languages, Cultures, and Societies on the 3rd and 4th of September, 2024. I was fortunate to be able to attend with the [&hellip;]<\/p>\n","protected":false},"author":76,"featured_media":0,"comment_status":"open","ping_status":"open","sticky":false,"template":"","format":"standard","meta":{"_jetpack_memberships_contains_paid_content":false,"footnotes":""},"categories":[162],"tags":[190,189,13,188,24,132],"class_list":["post-433","post","type-post","status-publish","format-standard","hentry","category-research-initiation-2023-2024","tag-autism","tag-conferences","tag-french","tag-intersectionality","tag-medical-humanities","tag-mres"],"jetpack_featured_media_url":"","jetpack_sharing_enabled":true,"_links":{"self":[{"href":"https:\/\/blogs.qub.ac.uk\/cdrgmodlangsqub\/wp-json\/wp\/v2\/posts\/433","targetHints":{"allow":["GET"]}}],"collection":[{"href":"https:\/\/blogs.qub.ac.uk\/cdrgmodlangsqub\/wp-json\/wp\/v2\/posts"}],"about":[{"href":"https:\/\/blogs.qub.ac.uk\/cdrgmodlangsqub\/wp-json\/wp\/v2\/types\/post"}],"author":[{"embeddable":true,"href":"https:\/\/blogs.qub.ac.uk\/cdrgmodlangsqub\/wp-json\/wp\/v2\/users\/76"}],"replies":[{"embeddable":true,"href":"https:\/\/blogs.qub.ac.uk\/cdrgmodlangsqub\/wp-json\/wp\/v2\/comments?post=433"}],"version-history":[{"count":5,"href":"https:\/\/blogs.qub.ac.uk\/cdrgmodlangsqub\/wp-json\/wp\/v2\/posts\/433\/revisions"}],"predecessor-version":[{"id":439,"href":"https:\/\/blogs.qub.ac.uk\/cdrgmodlangsqub\/wp-json\/wp\/v2\/posts\/433\/revisions\/439"}],"wp:attachment":[{"href":"https:\/\/blogs.qub.ac.uk\/cdrgmodlangsqub\/wp-json\/wp\/v2\/media?parent=433"}],"wp:term":[{"taxonomy":"category","embeddable":true,"href":"https:\/\/blogs.qub.ac.uk\/cdrgmodlangsqub\/wp-json\/wp\/v2\/categories?post=433"},{"taxonomy":"post_tag","embeddable":true,"href":"https:\/\/blogs.qub.ac.uk\/cdrgmodlangsqub\/wp-json\/wp\/v2\/tags?post=433"}],"curies":[{"name":"wp","href":"https:\/\/api.w.org\/{rel}","templated":true}]}}